{"id":1229,"date":"2016-04-25T13:40:21","date_gmt":"2016-04-25T11:40:21","guid":{"rendered":"http:\/\/atorod.pl\/?p=1229"},"modified":"2021-05-30T15:25:14","modified_gmt":"2021-05-30T13:25:14","slug":"slysze-chopin-mysle-niedobrze","status":"publish","type":"post","link":"https:\/\/atorod.pl\/?p=1229","title":{"rendered":"S\u0142ysz\u0119: Chopin, my\u015bl\u0119: niedobrze"},"content":{"rendered":"<p>Dzi\u015b nie b\u0119dzie ani o operze, ani nawet o \u015bpiewaniu &#8211; przynajmniej w tradycyjnym tego s\u0142owa znaczeniu. Dzi\u015b b\u0119dzie o niezwyk\u0142ym i bardzo kontrowersyjnym przedsi\u0119wzi\u0119ciu z udzia\u0142em wybitnych muzyk\u00f3w i wybitnych ludzi teatru (tak\u017ce operowego), kt\u00f3rzy postanowili &#8222;wykroi\u0107&#8221; z koncert\u00f3w Chopina solow\u0105 parti\u0119 instrumentaln\u0105 i zast\u0105pi\u0107 j\u0105 ludzkim g\u0142osem. W zesz\u0142ym roku Narodowy Instytut Fryderyka Chopina opublikowa\u0142 zapis d\u017awi\u0119kowy performansu <em>Chopin bez fortepianu<\/em>, kt\u00f3ry odby\u0142 si\u0119 w ramach warszawskiego festiwalu Chopin i jego Europa. O jako\u015bci artystycznej i kulisach pozamuzycznych tego pomys\u0142u &#8211; w marcowym numerze &#8222;Teatru&#8221;.<\/p>\n<p><a href=\"https:\/\/teatr-pismo.pl\/5426-slysze-chopin-mysle-niedobrze\/\">https:\/\/teatr-pismo.pl\/5426-slysze-chopin-mysle-niedobrze\/<\/a><\/p>\n","protected":false},"excerpt":{"rendered":"<p>Dzi\u015b nie b\u0119dzie ani o operze, ani nawet o \u015bpiewaniu &#8211; przynajmniej w tradycyjnym tego s\u0142owa znaczeniu. Dzi\u015b b\u0119dzie o niezwyk\u0142ym i bardzo kontrowersyjnym przedsi\u0119wzi\u0119ciu z udzia\u0142em wybitnych muzyk\u00f3w i wybitnych ludzi teatru (tak\u017ce operowego), kt\u00f3rzy postanowili &#8222;wykroi\u0107&#8221; z koncert\u00f3w Chopina solow\u0105 parti\u0119 instrumentaln\u0105 i zast\u0105pi\u0107 j\u0105 ludzkim g\u0142osem. W zesz\u0142ym roku Narodowy Instytut Fryderyka &#8230; <span class=\"more\"><a class=\"more-link\" href=\"https:\/\/atorod.pl\/?p=1229\">[Read more&#8230;]<\/a><\/span><\/p>\n","protected":false},"author":2,"featured_media":0,"comment_status":"open","ping_status":"open","sticky":false,"template":"","format":"standard","meta":{"footnotes":""},"categories":[9],"tags":[],"class_list":{"0":"entry","1":"post","2":"publish","3":"author-mangusta","4":"post-1229","6":"format-standard","7":"category-prasowka"},"_links":{"self":[{"href":"https:\/\/atorod.pl\/index.php?rest_route=\/wp\/v2\/posts\/1229","targetHints":{"allow":["GET"]}}],"collection":[{"href":"https:\/\/atorod.pl\/index.php?rest_route=\/wp\/v2\/posts"}],"about":[{"href":"https:\/\/atorod.pl\/index.php?rest_route=\/wp\/v2\/types\/post"}],"author":[{"embeddable":true,"href":"https:\/\/atorod.pl\/index.php?rest_route=\/wp\/v2\/users\/2"}],"replies":[{"embeddable":true,"href":"https:\/\/atorod.pl\/index.php?rest_route=%2Fwp%2Fv2%2Fcomments&post=1229"}],"version-history":[{"count":2,"href":"https:\/\/atorod.pl\/index.php?rest_route=\/wp\/v2\/posts\/1229\/revisions"}],"predecessor-version":[{"id":5855,"href":"https:\/\/atorod.pl\/index.php?rest_route=\/wp\/v2\/posts\/1229\/revisions\/5855"}],"wp:attachment":[{"href":"https:\/\/atorod.pl\/index.php?rest_route=%2Fwp%2Fv2%2Fmedia&parent=1229"}],"wp:term":[{"taxonomy":"category","embeddable":true,"href":"https:\/\/atorod.pl\/index.php?rest_route=%2Fwp%2Fv2%2Fcategories&post=1229"},{"taxonomy":"post_tag","embeddable":true,"href":"https:\/\/atorod.pl\/index.php?rest_route=%2Fwp%2Fv2%2Ftags&post=1229"}],"curies":[{"name":"wp","href":"https:\/\/api.w.org\/{rel}","templated":true}]}}