{"id":1232,"date":"2016-04-28T14:25:41","date_gmt":"2016-04-28T12:25:41","guid":{"rendered":"http:\/\/atorod.pl\/?p=1232"},"modified":"2021-05-30T15:26:04","modified_gmt":"2021-05-30T13:26:04","slug":"nielaskawosc-tytusa","status":"publish","type":"post","link":"https:\/\/atorod.pl\/?p=1232","title":{"rendered":"Nie\u0142askawo\u015b\u0107 Tytusa"},"content":{"rendered":"<p>Upi\u00f3r jeszcze nie zd\u0105\u017cy\u0142 si\u0119 wypisa\u0107 z <em>G\u0142osu ludzkiego <\/em>w TW-ON, a tu ju\u017c za pasem premiera <em>Po\u0142awiaczy pere\u0142<\/em> w Operze Wroc\u0142awskiej. Kilka lat temu do g\u0142owy by mi nie przysz\u0142o, \u017ce miotaj\u0105c si\u0119 mi\u0119dzy kolejnymi poruczeniami &#8211; kt\u00f3re sk\u0105din\u0105d sama sobie zlecam &#8211; b\u0119d\u0119 mamrota\u0107 pod nosem wersy Thomasa S. Eliota o najokrutniejszym miesi\u0105cu kwietniu. Lato pewnie te\u017c mnie zaskoczy, i to nie tylko rz\u0119sistym deszczem, jak w <em>Ziemi ja\u0142owej<\/em>. Nie ma co narzeka\u0107 &#8211; dzieje si\u0119. Tym bardziej warto wr\u00f3ci\u0107 do tego, co ju\u017c si\u0119 sta\u0142o, przemy\u015ble\u0107 od nowa minione ju\u017c przedstawienia. O <em>\u0141askawo\u015bci Tytusa<\/em> na scenie TW-ON pisa\u0142am ju\u017c w recenzji dla &#8222;Tygodnika Powszechnego&#8221;. Nie poprzesta\u0142am wszak\u017ce na jednym tek\u015bcie &#8211; nieco obszerniejszy esej o pi\u0119knej plastycznie i przera\u017aliwie pustej inscenizacji Ivo van Hove&#8217;a ukaza\u0142 si\u0119 w kwietniowym numerze &#8222;Teatru&#8221;.<\/p>\n<p><a href=\"https:\/\/teatr-pismo.pl\/5478-nielaskawosc-tytusa\/\">https:\/\/teatr-pismo.pl\/5478-nielaskawosc-tytusa\/<\/a><\/p>\n","protected":false},"excerpt":{"rendered":"<p>Upi\u00f3r jeszcze nie zd\u0105\u017cy\u0142 si\u0119 wypisa\u0107 z G\u0142osu ludzkiego w TW-ON, a tu ju\u017c za pasem premiera Po\u0142awiaczy pere\u0142 w Operze Wroc\u0142awskiej. Kilka lat temu do g\u0142owy by mi nie przysz\u0142o, \u017ce miotaj\u0105c si\u0119 mi\u0119dzy kolejnymi poruczeniami &#8211; kt\u00f3re sk\u0105din\u0105d sama sobie zlecam &#8211; b\u0119d\u0119 mamrota\u0107 pod nosem wersy Thomasa S. Eliota o najokrutniejszym miesi\u0105cu &#8230; <span class=\"more\"><a class=\"more-link\" href=\"https:\/\/atorod.pl\/?p=1232\">[Read more&#8230;]<\/a><\/span><\/p>\n","protected":false},"author":2,"featured_media":0,"comment_status":"open","ping_status":"open","sticky":false,"template":"","format":"standard","meta":{"footnotes":""},"categories":[9],"tags":[],"class_list":{"0":"entry","1":"post","2":"publish","3":"author-mangusta","4":"post-1232","6":"format-standard","7":"category-prasowka"},"_links":{"self":[{"href":"https:\/\/atorod.pl\/index.php?rest_route=\/wp\/v2\/posts\/1232","targetHints":{"allow":["GET"]}}],"collection":[{"href":"https:\/\/atorod.pl\/index.php?rest_route=\/wp\/v2\/posts"}],"about":[{"href":"https:\/\/atorod.pl\/index.php?rest_route=\/wp\/v2\/types\/post"}],"author":[{"embeddable":true,"href":"https:\/\/atorod.pl\/index.php?rest_route=\/wp\/v2\/users\/2"}],"replies":[{"embeddable":true,"href":"https:\/\/atorod.pl\/index.php?rest_route=%2Fwp%2Fv2%2Fcomments&post=1232"}],"version-history":[{"count":2,"href":"https:\/\/atorod.pl\/index.php?rest_route=\/wp\/v2\/posts\/1232\/revisions"}],"predecessor-version":[{"id":5856,"href":"https:\/\/atorod.pl\/index.php?rest_route=\/wp\/v2\/posts\/1232\/revisions\/5856"}],"wp:attachment":[{"href":"https:\/\/atorod.pl\/index.php?rest_route=%2Fwp%2Fv2%2Fmedia&parent=1232"}],"wp:term":[{"taxonomy":"category","embeddable":true,"href":"https:\/\/atorod.pl\/index.php?rest_route=%2Fwp%2Fv2%2Fcategories&post=1232"},{"taxonomy":"post_tag","embeddable":true,"href":"https:\/\/atorod.pl\/index.php?rest_route=%2Fwp%2Fv2%2Ftags&post=1232"}],"curies":[{"name":"wp","href":"https:\/\/api.w.org\/{rel}","templated":true}]}}