{"id":2059,"date":"2017-04-30T22:22:59","date_gmt":"2017-04-30T20:22:59","guid":{"rendered":"http:\/\/atorod.pl\/?p=2059"},"modified":"2017-04-30T22:22:59","modified_gmt":"2017-04-30T20:22:59","slug":"piesni-o-utraconej-ziemi","status":"publish","type":"post","link":"https:\/\/atorod.pl\/?p=2059","title":{"rendered":"Pie\u015bni o utraconej ziemi"},"content":{"rendered":"<p>Zacz\u0105\u0142 si\u0119 pracowity czas. W\u0142a\u015bnie wr\u00f3ci\u0142am z Wroc\u0142awia, z <em>Kopciuszka <\/em>Rossiniego w tamtejszej Operze, na kt\u00f3rym nie tylko setnie si\u0119 ubawi\u0142am, ale te\u017c mia\u0142am przyjemno\u015b\u0107 pozna\u0107 kilka przepi\u0119knych m\u0142odych g\u0142os\u00f3w i do\u015bwiadczy\u0107 entuzjazmu, jaki niecz\u0119sto bywa udzia\u0142em zblazowanych rutyniarzy i rozpieszczonych gwiazd \u015bwiatowej sceny. O najnowszej wroc\u0142awskiej premierze ju\u017c wkr\u00f3tce &#8211; tymczasem, w niecierpliwym oczekiwaniu na trzeci festiwal Katowice Kultura Natura, proponuj\u0119 lektur\u0119 eseju opublikowanego w dodatku specjalnym do &#8222;Tygodnika Powszechnego&#8221;. Zredagowanym przez Kub\u0119 Puchalskiego, kt\u00f3ry pomie\u015bci\u0142 w nim tak\u017ce sw\u00f3j wywiad z Iv\u00e1nem Fischerem oraz tekst na marginesie jego dw\u00f3ch koncert\u00f3w z muzyk\u0105 Bart\u00f3ka, a tak\u017ce zapowied\u017a wieczoru Akademie f\u00fcr Alte Musik z Bejunem Meht\u0105, pi\u00f3ra Marcina Majchrowskiego. O wydarzeniach pierwszych dni Festiwalu b\u0119d\u0119 donosi\u0142a na bie\u017c\u0105co &#8211; prosz\u0119 \u015bledzi\u0107 upiorn\u0105 stron\u0119.<\/p>\n<p><a href=\"https:\/\/www.tygodnikpowszechny.pl\/piesni-o-utraconej-ziemi-147711\">Pie\u015bni o utraconej ziemi<\/a><\/p>\n","protected":false},"excerpt":{"rendered":"<p>Zacz\u0105\u0142 si\u0119 pracowity czas. W\u0142a\u015bnie wr\u00f3ci\u0142am z Wroc\u0142awia, z Kopciuszka Rossiniego w tamtejszej Operze, na kt\u00f3rym nie tylko setnie si\u0119 ubawi\u0142am, ale te\u017c mia\u0142am przyjemno\u015b\u0107 pozna\u0107 kilka przepi\u0119knych m\u0142odych g\u0142os\u00f3w i do\u015bwiadczy\u0107 entuzjazmu, jaki niecz\u0119sto bywa udzia\u0142em zblazowanych rutyniarzy i rozpieszczonych gwiazd \u015bwiatowej sceny. O najnowszej wroc\u0142awskiej premierze ju\u017c wkr\u00f3tce &#8211; tymczasem, w niecierpliwym oczekiwaniu &#8230; <span class=\"more\"><a class=\"more-link\" href=\"https:\/\/atorod.pl\/?p=2059\">[Read more&#8230;]<\/a><\/span><\/p>\n","protected":false},"author":2,"featured_media":0,"comment_status":"open","ping_status":"open","sticky":false,"template":"","format":"standard","meta":{"footnotes":""},"categories":[9],"tags":[],"class_list":{"0":"entry","1":"post","2":"publish","3":"author-mangusta","4":"post-2059","6":"format-standard","7":"category-prasowka"},"_links":{"self":[{"href":"https:\/\/atorod.pl\/index.php?rest_route=\/wp\/v2\/posts\/2059","targetHints":{"allow":["GET"]}}],"collection":[{"href":"https:\/\/atorod.pl\/index.php?rest_route=\/wp\/v2\/posts"}],"about":[{"href":"https:\/\/atorod.pl\/index.php?rest_route=\/wp\/v2\/types\/post"}],"author":[{"embeddable":true,"href":"https:\/\/atorod.pl\/index.php?rest_route=\/wp\/v2\/users\/2"}],"replies":[{"embeddable":true,"href":"https:\/\/atorod.pl\/index.php?rest_route=%2Fwp%2Fv2%2Fcomments&post=2059"}],"version-history":[{"count":1,"href":"https:\/\/atorod.pl\/index.php?rest_route=\/wp\/v2\/posts\/2059\/revisions"}],"predecessor-version":[{"id":2060,"href":"https:\/\/atorod.pl\/index.php?rest_route=\/wp\/v2\/posts\/2059\/revisions\/2060"}],"wp:attachment":[{"href":"https:\/\/atorod.pl\/index.php?rest_route=%2Fwp%2Fv2%2Fmedia&parent=2059"}],"wp:term":[{"taxonomy":"category","embeddable":true,"href":"https:\/\/atorod.pl\/index.php?rest_route=%2Fwp%2Fv2%2Fcategories&post=2059"},{"taxonomy":"post_tag","embeddable":true,"href":"https:\/\/atorod.pl\/index.php?rest_route=%2Fwp%2Fv2%2Ftags&post=2059"}],"curies":[{"name":"wp","href":"https:\/\/api.w.org\/{rel}","templated":true}]}}