{"id":2958,"date":"2018-04-25T11:53:14","date_gmt":"2018-04-25T09:53:14","guid":{"rendered":"http:\/\/atorod.pl\/?p=2958"},"modified":"2018-04-25T11:55:38","modified_gmt":"2018-04-25T09:55:38","slug":"dzieciectwo-odnalezione","status":"publish","type":"post","link":"https:\/\/atorod.pl\/?p=2958","title":{"rendered":"Dzieci\u0119ctwo odnalezione"},"content":{"rendered":"<p>Upi\u00f3r jak zwykle w biegu, przed kolejnym wyjazdem &#8211; tym razem straussowskim &#8211; ale nie zapomina o innych uciechach muzycznych. Ju\u017c za dwa tygodnie rozpocznie si\u0119 kolejny Festiwal Katowice Kultura Natura, zorganizowany pod intryguj\u0105cym has\u0142em &#8222;Dzieci\u0119ctwo&#8221;. Gor\u0105co zach\u0119cam do zapoznania si\u0119 z ca\u0142ym programem, kt\u00f3ry zapowiada si\u0119 wyj\u0105tkowo ciekawie. Pobyt w Katowicach b\u0119dzie tw\u00f3rczy i znojny: w drugiej po\u0142owie Festiwalu, wsp\u00f3lnie z Joann\u0105 Lubo\u0144, Kamil\u0105 St\u0119pie\u0144-Kuter\u0105, Grzegorzem Michalskim, Marcinem Trz\u0119siokiem i Jakubem Puchalskim poprowadzimy warsztaty krytyki muzycznej, urz\u0105dzone przez Narodowy Instytut Fryderyka Chopina we wsp\u00f3\u0142pracy ze stowarzyszeniem\u00a0Katowice Kultura Natura\u00a0i Muzeum \u015al\u0105skim. Tymczasem anonsuj\u0119 festiwalowy dodatek specjalny, kt\u00f3ry ukaza\u0142 si\u0119 w\u0142a\u015bnie z najnowszym numerem &#8222;Tygodnika Powszechnego&#8221;. A w nim m\u00f3j esej, w kt\u00f3rym pr\u00f3buj\u0119 wyja\u015bni\u0107, o co w\u0142a\u015bciwie chodzi z tym muzycznym dzieci\u0119ctwem.<\/p>\n<p><a href=\"https:\/\/www.tygodnikpowszechny.pl\/dzieciectwo-odnalezione-152858\">Dzieci\u0119ctwo odnalezione<\/a><\/p>\n","protected":false},"excerpt":{"rendered":"<p>Upi\u00f3r jak zwykle w biegu, przed kolejnym wyjazdem &#8211; tym razem straussowskim &#8211; ale nie zapomina o innych uciechach muzycznych. Ju\u017c za dwa tygodnie rozpocznie si\u0119 kolejny Festiwal Katowice Kultura Natura, zorganizowany pod intryguj\u0105cym has\u0142em &#8222;Dzieci\u0119ctwo&#8221;. Gor\u0105co zach\u0119cam do zapoznania si\u0119 z ca\u0142ym programem, kt\u00f3ry zapowiada si\u0119 wyj\u0105tkowo ciekawie. Pobyt w Katowicach b\u0119dzie tw\u00f3rczy i &#8230; <span class=\"more\"><a class=\"more-link\" href=\"https:\/\/atorod.pl\/?p=2958\">[Read more&#8230;]<\/a><\/span><\/p>\n","protected":false},"author":2,"featured_media":0,"comment_status":"open","ping_status":"open","sticky":false,"template":"","format":"standard","meta":{"footnotes":""},"categories":[9],"tags":[],"class_list":{"0":"entry","1":"post","2":"publish","3":"author-mangusta","4":"post-2958","6":"format-standard","7":"category-prasowka"},"_links":{"self":[{"href":"https:\/\/atorod.pl\/index.php?rest_route=\/wp\/v2\/posts\/2958","targetHints":{"allow":["GET"]}}],"collection":[{"href":"https:\/\/atorod.pl\/index.php?rest_route=\/wp\/v2\/posts"}],"about":[{"href":"https:\/\/atorod.pl\/index.php?rest_route=\/wp\/v2\/types\/post"}],"author":[{"embeddable":true,"href":"https:\/\/atorod.pl\/index.php?rest_route=\/wp\/v2\/users\/2"}],"replies":[{"embeddable":true,"href":"https:\/\/atorod.pl\/index.php?rest_route=%2Fwp%2Fv2%2Fcomments&post=2958"}],"version-history":[{"count":3,"href":"https:\/\/atorod.pl\/index.php?rest_route=\/wp\/v2\/posts\/2958\/revisions"}],"predecessor-version":[{"id":2961,"href":"https:\/\/atorod.pl\/index.php?rest_route=\/wp\/v2\/posts\/2958\/revisions\/2961"}],"wp:attachment":[{"href":"https:\/\/atorod.pl\/index.php?rest_route=%2Fwp%2Fv2%2Fmedia&parent=2958"}],"wp:term":[{"taxonomy":"category","embeddable":true,"href":"https:\/\/atorod.pl\/index.php?rest_route=%2Fwp%2Fv2%2Fcategories&post=2958"},{"taxonomy":"post_tag","embeddable":true,"href":"https:\/\/atorod.pl\/index.php?rest_route=%2Fwp%2Fv2%2Ftags&post=2958"}],"curies":[{"name":"wp","href":"https:\/\/api.w.org\/{rel}","templated":true}]}}