{"id":3198,"date":"2018-08-09T23:58:48","date_gmt":"2018-08-09T21:58:48","guid":{"rendered":"http:\/\/atorod.pl\/?p=3198"},"modified":"2018-08-10T00:07:47","modified_gmt":"2018-08-09T22:07:47","slug":"prawdziwe-zloto-tygla-sie-nie-boi","status":"publish","type":"post","link":"https:\/\/atorod.pl\/?p=3198","title":{"rendered":"Prawdziwe z\u0142oto tygla si\u0119 nie boi"},"content":{"rendered":"<p>Prosz\u0119 si\u0119 nie obrusza\u0107, to nie o mnie, to o <em>Z\u0142ocie Renu<\/em>, kt\u00f3re &#8211; jak dobrze p\u00f3jdzie &#8211; us\u0142yszymy w nadchodz\u0105cym sezonie co najmniej dwa razy. Chyba zreszt\u0105 nie zdziwi\u0119 moich Czytelnik\u00f3w, je\u015bli przyznam, \u017ce w upiornych planach zn\u00f3w sporo Wagnera oraz kilka innych tytu\u0142\u00f3w wagi ci\u0119\u017ckiej i p\u00f3\u0142ci\u0119\u017ckiej. Dla zdrowia psychicznego i higieny uszu mam jednak zamiar uzupe\u0142ni\u0107 je gar\u015bci\u0105 oper uciesznych. Kto wie, mo\u017ce nawet dam si\u0119 wyci\u0105gn\u0105\u0107 do Pesaro na Festiwal Rossiniowski: towarzyszka kilku moich ostatnich wypraw ma wielki dar przekonywania.<\/p>\n<p>Zdumiewaj\u0105ce, ale z ubieg\u0142orocznych zapowiedzi uda\u0142o si\u0119 zrealizowa\u0107 prawie wszystko &#8211; poza drezde\u0144skim <em>Pier\u015bcieniem Nibelunga<\/em>, na kt\u00f3ry zg\u0142osi\u0142am si\u0119 zbyt p\u00f3\u017ano i z niespecjalnym zapa\u0142em, jako \u017ce wci\u0105\u017c mi nie po drodze z &#8222;teuto\u0144skim&#8221; modelem interpretacji preferowanym przez Christiana Thielemanna. Niewykluczone, \u017ce przeprosz\u0119 si\u0119 z nim w Bayreuth, dok\u0105d postanowi\u0142am wyruszy\u0107 z ca\u0142kiem innych powod\u00f3w, cho\u0107 z pewno\u015bci\u0105 omin\u0119 szerokim \u0142ukiem szykowanego na przysz\u0142y festiwal <span class=\"st\"><em>Tannh\u00e4user<\/em><\/span><em>a<\/em>. Obsada wspania\u0142a, ale nie znios\u0119 ani Gergijewa za pulpitem dyrygenckim, ani tym bardziej wybryk\u00f3w Tobiasa Kratzera, kt\u00f3rego inscenizacja <em>Zmierzchu bog\u00f3w <\/em>popsu\u0142a mi wra\u017cenia ze znakomitego muzycznie <em>Ringu <\/em>w Karlsruhe pod batut\u0105 Justina Browna. Na <em>Z\u0142oto Renu <\/em>wybior\u0119 si\u0119 na zielone Anglii b\u0142onia, czyli do ukochanego Longborough, gdzie Anthony Negus przygotuje za rok wst\u0119p do <em>Pier\u015bcienia<\/em>. LFO ma w planach now\u0105 produkcj\u0119 czterocz\u0119\u015bciowego dramatu Wagnera, tym razem w re\u017cyserii Amy Lane: rok w rok po jednym tytule, a w 2023 ca\u0142o\u015b\u0107 &#8211; je\u015bli do\u017cyjemy i pod warunkiem, \u017ce Polly Graham, \u015bwie\u017co mianowana dyrektor artystyczna opery w Longborough, poprowadzi szalone przedsi\u0119wzi\u0119cie swoich rodzic\u00f3w we w\u0142a\u015bciw\u0105 stron\u0119. Prosto z Cotswolds przeniesiemy si\u0119 do Budapesztu, gdzie pe\u0142ny <em>Ring &#8211; <\/em>po bo\u017cemu, czyli dzie\u0144 po dniu &#8211; przedstawi <span class=\"st\">\u00c1d\u00e1m Fischer. I co\u015b czuj\u0119, \u017ce w tym dziele sprawi si\u0119 lepiej ni\u017c w tegorocznym <em>Tristanie<\/em>. <\/span><\/p>\n<p><a href=\"http:\/\/atorod.pl\/wp-content\/uploads\/2018\/08\/AKG13380.jpg\"><img loading=\"lazy\" decoding=\"async\" class=\"size-medium wp-image-3199\" src=\"http:\/\/atorod.pl\/wp-content\/uploads\/2018\/08\/AKG13380-300x215.jpg\" alt=\"\" width=\"300\" height=\"215\" srcset=\"https:\/\/atorod.pl\/wp-content\/uploads\/2018\/08\/AKG13380-300x215.jpg 300w, https:\/\/atorod.pl\/wp-content\/uploads\/2018\/08\/AKG13380-768x550.jpg 768w, https:\/\/atorod.pl\/wp-content\/uploads\/2018\/08\/AKG13380.jpg 1000w\" sizes=\"auto, (max-width: 300px) 100vw, 300px\" \/><\/a><\/p>\n<p>Ferdinand Leeke, <em>C\u00f3ry Renu ci\u0105gn\u0105 Hagena na dno <\/em>(to przed budapeszte\u0144skim <em>Zmierzchem bog\u00f3w<\/em>).<\/p>\n<p>Zanim sezon rozkr\u0119ci si\u0119 na dobre, wyl\u0105duj\u0119 w Aarhus, gdzie szykuje si\u0119 du\u0144ska premiera <em>Pasa\u017cerki <\/em>Wajnberga, w re\u017cyserii Philippa Kochheima i pod dyrekcj\u0105 Christophera Lichtensteina. Wkr\u00f3tce potem czeka mnie podr\u00f3\u017c do Berlina, na koncert Ensemble intercontemporain, kt\u00f3ry zagra m.in. <em>Le Marteau sans ma\u00eetre<\/em> <em>&#8211; <\/em>a jak\u017ce, w Pierre-Boulez-Saal, z kt\u00f3r\u0105 wreszcie b\u0119d\u0119 mia\u0142a okazj\u0119 si\u0119 zapozna\u0107. Prosto stamt\u0105d wybieram si\u0119 na inauguracj\u0119 sezonu w Den Norske Opera w Oslo, czyli <em>Dam\u0119 pikow\u0105<\/em> ze Svetlan\u0105 Aksenov\u0105 w partii Lizy i Peterem Weddem w roli Hermana, pod batut\u0105 Lothara Koenigsa i w przeniesionej z Tuluzy inscenizacji Arnauda Bernarda. W pa\u017adzierniku jesienny sezon Welsh National Opera &#8211; ostatni za dyrekcji Davida Pountneya &#8211; a w nim <em>Kopciuszek <\/em>Rossiniego z Wojtkiem Gierlachem jako Alidorem, <em>Traviata <\/em>w re\u017cyserii Davida McVicara oraz <em>Wojna i pok\u00f3j <\/em>wed\u0142ug koncepcji Pountneya i z t\u0142umaczonym przez niego librettem, pod kierownictwem muzycznym Tom\u00e1\u0161a Hanusa, kt\u00f3ry zadyryguje oper\u0105 Prokofiewa z nowej edycji krytycznej partytury. W Kraju Bask\u00f3w nas jeszcze nie by\u0142o, wi\u0119c w listopadzie pow\u0119drujemy do Bilbao na <em>Fidelia <\/em>pod batut\u0105 Juanjo Meny i z Elen\u0105 Pankratov\u0105 w partii Leonory. Nowy sezon w Teatro Real kusi przede wszystkim <em>Turandot<\/em> w inscenizacji Roberta Wilsona &#8211; z trzech obsad wybierzemy zapewne premierow\u0105, z Nin\u0105 Stemme w roli tytu\u0142owej i Gregorym Kunde jako Kalafem.<\/p>\n<p>I na tym przerw\u0119 t\u0119 litani\u0119, cho\u0107 mam ju\u017c pomys\u0142y na pozosta\u0142e dwie trzecie sezonu. Do\u0142\u00f3\u017cmy do tego murowane niespodzianki i wyprawy pod wp\u0142ywem impulsu chwili, a wyjdzie na to, \u017ce Upiora czeka najpracowitszy rok od pocz\u0105tku istnienia. Kt\u00f3ry tym razem przetrwam z Pa\u0144stwa pomoc\u0105. Tydzie\u0144 temu ruszy\u0142a kampania crowdfundingowa, w kt\u00f3rej uda\u0142o si\u0119 ju\u017c uzbiera\u0107 przesz\u0142o cztery tysi\u0105ce z\u0142otych. Upi\u00f3r nie posiada si\u0119 ze wzruszenia i rado\u015bnie pobrz\u0119kuje \u0142a\u0144cuchami. Trudno o lepszy dow\u00f3d uznania dotychczasowych stara\u0144 i zaufania do moich kolejnych przedsi\u0119wzi\u0119\u0107. Akcja potrwa do po\u0142owy wrze\u015bnia. Moja wdzi\u0119czno\u015b\u0107 nie b\u0119dzie mia\u0142a ko\u0144ca. Szczeg\u00f3\u0142y tutaj: <a href=\"https:\/\/polakpotrafi.pl\/projekt\/strona-dla-sluchajacych-inaczej\">https:\/\/polakpotrafi.pl\/projekt\/strona-dla-sluchajacych-inaczej. <\/a><\/p>\n","protected":false},"excerpt":{"rendered":"<p>Prosz\u0119 si\u0119 nie obrusza\u0107, to nie o mnie, to o Z\u0142ocie Renu, kt\u00f3re &#8211; jak dobrze p\u00f3jdzie &#8211; us\u0142yszymy w nadchodz\u0105cym sezonie co najmniej dwa razy. Chyba zreszt\u0105 nie zdziwi\u0119 moich Czytelnik\u00f3w, je\u015bli przyznam, \u017ce w upiornych planach zn\u00f3w sporo Wagnera oraz kilka innych tytu\u0142\u00f3w wagi ci\u0119\u017ckiej i p\u00f3\u0142ci\u0119\u017ckiej. Dla zdrowia psychicznego i higieny uszu &#8230; <span class=\"more\"><a class=\"more-link\" href=\"https:\/\/atorod.pl\/?p=3198\">[Read more&#8230;]<\/a><\/span><\/p>\n","protected":false},"author":2,"featured_media":0,"comment_status":"open","ping_status":"open","sticky":false,"template":"","format":"standard","meta":{"footnotes":""},"categories":[7],"tags":[],"class_list":{"0":"entry","1":"post","2":"publish","3":"author-mangusta","4":"post-3198","6":"format-standard","7":"category-wedrowki-operowe"},"_links":{"self":[{"href":"https:\/\/atorod.pl\/index.php?rest_route=\/wp\/v2\/posts\/3198","targetHints":{"allow":["GET"]}}],"collection":[{"href":"https:\/\/atorod.pl\/index.php?rest_route=\/wp\/v2\/posts"}],"about":[{"href":"https:\/\/atorod.pl\/index.php?rest_route=\/wp\/v2\/types\/post"}],"author":[{"embeddable":true,"href":"https:\/\/atorod.pl\/index.php?rest_route=\/wp\/v2\/users\/2"}],"replies":[{"embeddable":true,"href":"https:\/\/atorod.pl\/index.php?rest_route=%2Fwp%2Fv2%2Fcomments&post=3198"}],"version-history":[{"count":3,"href":"https:\/\/atorod.pl\/index.php?rest_route=\/wp\/v2\/posts\/3198\/revisions"}],"predecessor-version":[{"id":3202,"href":"https:\/\/atorod.pl\/index.php?rest_route=\/wp\/v2\/posts\/3198\/revisions\/3202"}],"wp:attachment":[{"href":"https:\/\/atorod.pl\/index.php?rest_route=%2Fwp%2Fv2%2Fmedia&parent=3198"}],"wp:term":[{"taxonomy":"category","embeddable":true,"href":"https:\/\/atorod.pl\/index.php?rest_route=%2Fwp%2Fv2%2Fcategories&post=3198"},{"taxonomy":"post_tag","embeddable":true,"href":"https:\/\/atorod.pl\/index.php?rest_route=%2Fwp%2Fv2%2Ftags&post=3198"}],"curies":[{"name":"wp","href":"https:\/\/api.w.org\/{rel}","templated":true}]}}