{"id":3630,"date":"2019-01-24T15:38:25","date_gmt":"2019-01-24T14:38:25","guid":{"rendered":"http:\/\/atorod.pl\/?p=3630"},"modified":"2019-01-24T16:11:09","modified_gmt":"2019-01-24T15:11:09","slug":"siekierke-pilnie-na-kijek-zamienie","status":"publish","type":"post","link":"https:\/\/atorod.pl\/?p=3630","title":{"rendered":"Siekierk\u0119 pilnie na kijek zamieni\u0119"},"content":{"rendered":"<p>Smutno. Wczoraj w nocy zmar\u0142 Ryszard Peryt &#8211; re\u017cyser, aktor, wyk\u0142adowca warszawskiej Akademii Teatralnej, w kt\u00f3rej i ja mam zaszczyt prowadzi\u0107 zaj\u0119cia. Wielu krytykom i melomanom do tego stopnia zalaz\u0142 za sk\u00f3r\u0119 obj\u0119ciem dyrekcji Polskiej Opery Kr\u00f3lewskiej i swoj\u0105 ostatni\u0105 inscenizacj\u0105 <em>Strasznego dworu<\/em>, \u017ce jego \u015bmier\u0107 skwitowali okrutnym &#8222;umar\u0142, to umar\u0142. Przecie\u017c i tak od dawna chorowa\u0142&#8221;. Ze \u015bwiatopogl\u0105dem Peryta nigdy nie by\u0142o mi po drodze, opinii o <em>Strasznym dworze <\/em>nie zmieni\u0119 ani si\u0119 jej nie wypr\u0119, bo nie do ko\u0144ca zgadzam si\u0119 z maksym\u0105 &#8222;de mortuis nil nisi bene&#8221;. A jednak doceniam jego wcze\u015bniejszy dorobek: wsp\u00f3\u0142tw\u00f3rcy sukcesu WOK, kt\u00f3ry jak ma\u0142o kto potrafi\u0142 zagospodarowa\u0107 t\u0119 bida-scen\u0119; re\u017cysera, kt\u00f3ry czyta\u0142 nie tylko libretto, ale i partytur\u0119; prawdziwego entuzjasty opery, kt\u00f3ry swoj\u0105 mi\u0142o\u015bci\u0105 chcia\u0142 si\u0119 dzieli\u0107 z m\u0142odszymi od siebie i wielu uczniom wpoi\u0142 j\u0105 na zawsze &#8211; nawet je\u015bli poszli ca\u0142kiem inn\u0105 drog\u0105 zawodow\u0105. \u017bal nad zespo\u0142em POK, kt\u00f3ry na jedno nie m\u00f3g\u0142 narzeka\u0107 i nie narzeka\u0142 &#8211; na niecodzienn\u0105 w polskich teatrach atmosfer\u0119 spokoju i wzajemnej \u017cyczliwo\u015bci.<\/p>\n<p>Smutno, \u017ce Opera Wroc\u0142awska &#8211; po dw\u00f3ch sezonach kator\u017cniczej pracy nad repertuarem i nowym modelem funkcjonowania w trudnym i wbrew pozorom bardzo konserwatywnym \u015brodowisku stolicy Dolnego \u015al\u0105ska &#8211; zn\u00f3w znalaz\u0142a si\u0119 na zakr\u0119cie, niczym, prosz\u0119 pana, ta kobieta z piosenki Jandy i Osieckiej. O jej wzlotach i upadkach pisz\u0119 od pocz\u0105tku istnienia tej strony, sumiennie, premiera po premierze. Nap\u0119dzany przez miejscowe media kryzys obserwuj\u0119 od przesz\u0142o roku. Z gorycz\u0105 stwierdzam, \u017ce sprawa jak zwykle rozbija si\u0119 o pieni\u0105dze, resentymenty i zawiedzione ambicje. W\u015br\u00f3d chwytliwych p\u00f3\u0142prawd i aluzji ginie bezsprzeczny fakt, \u017ce Opera pod now\u0105 dyrekcj\u0105 nie wygenerowa\u0142a \u017cadnego d\u0142ugu. Jako\u015b nie widz\u0119 tych potencjalnych m\u0119\u017c\u00f3w opatrzno\u015bciowych, tych polskich, a najlepiej dolno\u015bl\u0105skich Pappano, kt\u00f3rzy podziel\u0105 si\u0119 swoj\u0105 pensj\u0105 z inspicjentem i pos\u0142usznie zadyryguj\u0105 skomplikowanym utworem za p\u00f3\u0142tora tysi\u0105ca brutto od sztuki, czyli pojedynczego przedstawienia. Uprzednio spytawszy marsza\u0142ka wojew\u00f3dztwa, czy wolno im przygotowa\u0107 premier\u0119 opery, o kt\u00f3rej istnieniu urz\u0119dnik nie mia\u0142 dot\u0105d zielonego poj\u0119cia. \u015awiatopogl\u0105d obecnej dyrekcji o tyle mnie nie obchodzi, \u017ce w przeciwie\u0144stwie do sytuacji w POK nie rzutuje na lini\u0119 programow\u0105. Nie oburza mnie, \u017ce wsp\u00f3\u0142pracuj\u0105cy z Oper\u0105 muzycy i specjali\u015bci nocuj\u0105 na koszt teatru w hotelu klasy turystycznej, zamiast spa\u0107 k\u0105tem u kumpli. Oburza mnie milczenie \u015brodowiska i decydent\u00f3w na najwy\u017cszym szczeblu. Oburza, cho\u0107 nie dziwi &#8211; pracuj\u0119 w tym fachu dostatecznie d\u0142ugo, by zyska\u0107 pewno\u015b\u0107, \u017ce w polskiej operze muzyka plasuje si\u0119 na ostatnim miejscu.<\/p>\n<p>Na fali ostatnich wydarze\u0144 si\u0119gn\u0119\u0142am do archiwum i wydoby\u0142am tekst sprzed ponad dziesi\u0119ciu lat. Je\u015bli nie liczy\u0107 drobnych szczeg\u00f3\u0142\u00f3w i pomniejszych ocen zweryfikowanych przez histori\u0119 &#8211; naprawd\u0119 nie dzieje si\u0119 nic. I nie stanie si\u0119 nic a\u017c do ko\u0144ca?<\/p>\n<p><a href=\"https:\/\/www.tygodnikpowszechny.pl\/siekierke-pilnie-na-kijek-zamienie-132500?language=pl\">Siekierk\u0119 pilnie na kijek zamieni\u0119<\/a><\/p>\n","protected":false},"excerpt":{"rendered":"<p>Smutno. Wczoraj w nocy zmar\u0142 Ryszard Peryt &#8211; re\u017cyser, aktor, wyk\u0142adowca warszawskiej Akademii Teatralnej, w kt\u00f3rej i ja mam zaszczyt prowadzi\u0107 zaj\u0119cia. Wielu krytykom i melomanom do tego stopnia zalaz\u0142 za sk\u00f3r\u0119 obj\u0119ciem dyrekcji Polskiej Opery Kr\u00f3lewskiej i swoj\u0105 ostatni\u0105 inscenizacj\u0105 Strasznego dworu, \u017ce jego \u015bmier\u0107 skwitowali okrutnym &#8222;umar\u0142, to umar\u0142. Przecie\u017c i tak od &#8230; <span class=\"more\"><a class=\"more-link\" href=\"https:\/\/atorod.pl\/?p=3630\">[Read more&#8230;]<\/a><\/span><\/p>\n","protected":false},"author":2,"featured_media":0,"comment_status":"open","ping_status":"open","sticky":false,"template":"","format":"standard","meta":{"footnotes":""},"categories":[8,9],"tags":[],"class_list":{"0":"entry","1":"post","2":"publish","3":"author-mangusta","4":"post-3630","6":"format-standard","7":"category-miscellanea","8":"category-prasowka"},"_links":{"self":[{"href":"https:\/\/atorod.pl\/index.php?rest_route=\/wp\/v2\/posts\/3630","targetHints":{"allow":["GET"]}}],"collection":[{"href":"https:\/\/atorod.pl\/index.php?rest_route=\/wp\/v2\/posts"}],"about":[{"href":"https:\/\/atorod.pl\/index.php?rest_route=\/wp\/v2\/types\/post"}],"author":[{"embeddable":true,"href":"https:\/\/atorod.pl\/index.php?rest_route=\/wp\/v2\/users\/2"}],"replies":[{"embeddable":true,"href":"https:\/\/atorod.pl\/index.php?rest_route=%2Fwp%2Fv2%2Fcomments&post=3630"}],"version-history":[{"count":2,"href":"https:\/\/atorod.pl\/index.php?rest_route=\/wp\/v2\/posts\/3630\/revisions"}],"predecessor-version":[{"id":3632,"href":"https:\/\/atorod.pl\/index.php?rest_route=\/wp\/v2\/posts\/3630\/revisions\/3632"}],"wp:attachment":[{"href":"https:\/\/atorod.pl\/index.php?rest_route=%2Fwp%2Fv2%2Fmedia&parent=3630"}],"wp:term":[{"taxonomy":"category","embeddable":true,"href":"https:\/\/atorod.pl\/index.php?rest_route=%2Fwp%2Fv2%2Fcategories&post=3630"},{"taxonomy":"post_tag","embeddable":true,"href":"https:\/\/atorod.pl\/index.php?rest_route=%2Fwp%2Fv2%2Ftags&post=3630"}],"curies":[{"name":"wp","href":"https:\/\/api.w.org\/{rel}","templated":true}]}}