{"id":3737,"date":"2019-03-21T15:23:41","date_gmt":"2019-03-21T14:23:41","guid":{"rendered":"http:\/\/atorod.pl\/?p=3737"},"modified":"2019-03-21T15:23:41","modified_gmt":"2019-03-21T14:23:41","slug":"czekamy-na-wiosne","status":"publish","type":"post","link":"https:\/\/atorod.pl\/?p=3737","title":{"rendered":"Czekamy na wiosn\u0119"},"content":{"rendered":"<p>Wiosna w przyrodzie ju\u017c nadesz\u0142a, wiosna na scenach i estradach &#8211; nadchodzi wielki krokami. B\u0119dzie pracowicie. Program tegorocznego Festiwalu Beethovenowskiego obfituje w wydarzenia niezmiernie ciekawe z punktu widzenia Upiora. W maju b\u0119dziemy z wypiekami na twarzy \u015bledzi\u0107 i sprawozdawa\u0107 dla radiowej Dw\u00f3jki (wraz z Jackiem Hawrylukiem) zmagania uczestnik\u00f3w jubileuszowego Konkursu Moniuszkowskiego. Szykuje si\u0119 kilka wyjazd\u00f3w, o kt\u00f3rych jeszcze cicho sza, oraz g\u0142\u0119bokie jak nigdy dot\u0105d zanurzenie w repertuarze Wagnerowskim (m.in. <em>Walkiria <\/em>w ramach wznowienia frankfurckiego <em>Pier\u015bcienia Nibelunga <\/em>oraz <em>Z\u0142oto Renu<\/em>, otwieraj\u0105ce nowy <em>Ring <\/em>w Longborough). Na polsk\u0105 premier\u0119 <em>Billy&#8217;ego Budda<\/em> w TW-ON czekamy z niecierpliwo\u015bci\u0105 i dr\u017ceniem serca. Nadzieja ju\u017c za\u015bwita\u0142a: warszawska <em>Tosca<\/em> w re\u017cyserii Barbary Wysockiej jest przedstawieniem dalekim od idea\u0142u, ale na tle poprzednich &#8222;dokona\u0144&#8221; sto\u0142ecznej sceny jawi si\u0119 jako tryumf. Wi\u0119cej w najnowszym numerze &#8222;Tygodnika Powszechnego&#8221;:<\/p>\n<p><a href=\"https:\/\/www.tygodnikpowszechny.pl\/czekamy-na-wiosne-158066\">Czekamy na wiosn\u0119<\/a><\/p>\n","protected":false},"excerpt":{"rendered":"<p>Wiosna w przyrodzie ju\u017c nadesz\u0142a, wiosna na scenach i estradach &#8211; nadchodzi wielki krokami. B\u0119dzie pracowicie. Program tegorocznego Festiwalu Beethovenowskiego obfituje w wydarzenia niezmiernie ciekawe z punktu widzenia Upiora. W maju b\u0119dziemy z wypiekami na twarzy \u015bledzi\u0107 i sprawozdawa\u0107 dla radiowej Dw\u00f3jki (wraz z Jackiem Hawrylukiem) zmagania uczestnik\u00f3w jubileuszowego Konkursu Moniuszkowskiego. Szykuje si\u0119 kilka wyjazd\u00f3w, &#8230; <span class=\"more\"><a class=\"more-link\" href=\"https:\/\/atorod.pl\/?p=3737\">[Read more&#8230;]<\/a><\/span><\/p>\n","protected":false},"author":2,"featured_media":0,"comment_status":"open","ping_status":"open","sticky":false,"template":"","format":"standard","meta":{"footnotes":""},"categories":[9],"tags":[],"class_list":{"0":"entry","1":"post","2":"publish","3":"author-mangusta","4":"post-3737","6":"format-standard","7":"category-prasowka"},"_links":{"self":[{"href":"https:\/\/atorod.pl\/index.php?rest_route=\/wp\/v2\/posts\/3737","targetHints":{"allow":["GET"]}}],"collection":[{"href":"https:\/\/atorod.pl\/index.php?rest_route=\/wp\/v2\/posts"}],"about":[{"href":"https:\/\/atorod.pl\/index.php?rest_route=\/wp\/v2\/types\/post"}],"author":[{"embeddable":true,"href":"https:\/\/atorod.pl\/index.php?rest_route=\/wp\/v2\/users\/2"}],"replies":[{"embeddable":true,"href":"https:\/\/atorod.pl\/index.php?rest_route=%2Fwp%2Fv2%2Fcomments&post=3737"}],"version-history":[{"count":1,"href":"https:\/\/atorod.pl\/index.php?rest_route=\/wp\/v2\/posts\/3737\/revisions"}],"predecessor-version":[{"id":3738,"href":"https:\/\/atorod.pl\/index.php?rest_route=\/wp\/v2\/posts\/3737\/revisions\/3738"}],"wp:attachment":[{"href":"https:\/\/atorod.pl\/index.php?rest_route=%2Fwp%2Fv2%2Fmedia&parent=3737"}],"wp:term":[{"taxonomy":"category","embeddable":true,"href":"https:\/\/atorod.pl\/index.php?rest_route=%2Fwp%2Fv2%2Fcategories&post=3737"},{"taxonomy":"post_tag","embeddable":true,"href":"https:\/\/atorod.pl\/index.php?rest_route=%2Fwp%2Fv2%2Ftags&post=3737"}],"curies":[{"name":"wp","href":"https:\/\/api.w.org\/{rel}","templated":true}]}}