{"id":3777,"date":"2019-04-18T16:04:59","date_gmt":"2019-04-18T14:04:59","guid":{"rendered":"http:\/\/atorod.pl\/?p=3777"},"modified":"2019-04-18T16:04:59","modified_gmt":"2019-04-18T14:04:59","slug":"wojna-o-pokoj","status":"publish","type":"post","link":"https:\/\/atorod.pl\/?p=3777","title":{"rendered":"Wojna o pok\u00f3j"},"content":{"rendered":"<p>Przed nami dwa ostatnie dni Festiwalu Beethovenowskiego &#8211; jutro w TW-ON wielki fina\u0142: <em>Requiem wojenne <\/em>Brittena z Ekaterin\u0105 Scherbachenko, Steve&#8217;em Davislimem, Michaelem Kupferem-Radeckim, zespo\u0142ami Filharmonii Narodowej i Warszawskim Ch\u00f3rem Ch\u0142opi\u0119cym pod batut\u0105 Jacka Kaspszyka. Do wiosennego numeru &#8222;Beethoven Magazine&#8221; napisa\u0142am kr\u00f3tki esej o tym, co \u0142\u0105czy ten utw\u00f3r z innymi kompozycjami czasu wojny, a co go zdecydowanie odr\u00f3\u017cnia, mi\u0119dzy innymi od <em>Symfonii leningradzkiej <\/em>Szostakowicza. Prawykonanie <em>War Requiem <\/em>odby\u0142o si\u0119 w nowej, \u015bwie\u017co konsekrowanej katedrze \u015bw. Micha\u0142a Archanio\u0142a w Coventry &#8211; architektonicznym symbolu pojednania, kt\u00f3ry zr\u00f3s\u0142 si\u0119 w jedno z architektonicznym symbolem blitzu: ruin\u0105 gotyckiej \u015bwi\u0105tyni, podniesionej do statusu katedry wkr\u00f3tce po tragedii I wojny \u015bwiatowej. W Wielki Pi\u0105tek, dla wielu najwa\u017cniejszy dzie\u0144 Wielkiego Tygodnia, warto pomy\u015ble\u0107 nie tylko o przemijaniu, ale i zgodnym budowaniu od nowa. Zw\u0142aszcza teraz, po katastrofalnym po\u017carze paryskiej katedry Notre-Dame, kt\u00f3ra dla wielu &#8211; tak\u017ce i dla mnie &#8211; jest przede wszystkim niemym i bezbronnym \u015bwiadkiem historii. &#8222;Beethoven Magazine&#8221; jest ju\u017c dost\u0119pny w sieci, na platformie issuu lub do pobrania w formacie PDF. Polecam lektur\u0119 ca\u0142o\u015bci: zainteresowanych moim tekstem odsy\u0142am na stron\u0119 30. wydania papierowego albo na 32. w edycji issuu.<\/p>\n<p><a href=\"http:\/\/beethoven.org.pl\/magazyn\/\">Muzyka i wojna<\/a><\/p>\n","protected":false},"excerpt":{"rendered":"<p>Przed nami dwa ostatnie dni Festiwalu Beethovenowskiego &#8211; jutro w TW-ON wielki fina\u0142: Requiem wojenne Brittena z Ekaterin\u0105 Scherbachenko, Steve&#8217;em Davislimem, Michaelem Kupferem-Radeckim, zespo\u0142ami Filharmonii Narodowej i Warszawskim Ch\u00f3rem Ch\u0142opi\u0119cym pod batut\u0105 Jacka Kaspszyka. Do wiosennego numeru &#8222;Beethoven Magazine&#8221; napisa\u0142am kr\u00f3tki esej o tym, co \u0142\u0105czy ten utw\u00f3r z innymi kompozycjami czasu wojny, a co &#8230; <span class=\"more\"><a class=\"more-link\" href=\"https:\/\/atorod.pl\/?p=3777\">[Read more&#8230;]<\/a><\/span><\/p>\n","protected":false},"author":2,"featured_media":0,"comment_status":"open","ping_status":"open","sticky":false,"template":"","format":"standard","meta":{"footnotes":""},"categories":[9],"tags":[],"class_list":{"0":"entry","1":"post","2":"publish","3":"author-mangusta","4":"post-3777","6":"format-standard","7":"category-prasowka"},"_links":{"self":[{"href":"https:\/\/atorod.pl\/index.php?rest_route=\/wp\/v2\/posts\/3777","targetHints":{"allow":["GET"]}}],"collection":[{"href":"https:\/\/atorod.pl\/index.php?rest_route=\/wp\/v2\/posts"}],"about":[{"href":"https:\/\/atorod.pl\/index.php?rest_route=\/wp\/v2\/types\/post"}],"author":[{"embeddable":true,"href":"https:\/\/atorod.pl\/index.php?rest_route=\/wp\/v2\/users\/2"}],"replies":[{"embeddable":true,"href":"https:\/\/atorod.pl\/index.php?rest_route=%2Fwp%2Fv2%2Fcomments&post=3777"}],"version-history":[{"count":1,"href":"https:\/\/atorod.pl\/index.php?rest_route=\/wp\/v2\/posts\/3777\/revisions"}],"predecessor-version":[{"id":3778,"href":"https:\/\/atorod.pl\/index.php?rest_route=\/wp\/v2\/posts\/3777\/revisions\/3778"}],"wp:attachment":[{"href":"https:\/\/atorod.pl\/index.php?rest_route=%2Fwp%2Fv2%2Fmedia&parent=3777"}],"wp:term":[{"taxonomy":"category","embeddable":true,"href":"https:\/\/atorod.pl\/index.php?rest_route=%2Fwp%2Fv2%2Fcategories&post=3777"},{"taxonomy":"post_tag","embeddable":true,"href":"https:\/\/atorod.pl\/index.php?rest_route=%2Fwp%2Fv2%2Ftags&post=3777"}],"curies":[{"name":"wp","href":"https:\/\/api.w.org\/{rel}","templated":true}]}}