{"id":4312,"date":"2019-10-18T22:00:09","date_gmt":"2019-10-18T20:00:09","guid":{"rendered":"http:\/\/atorod.pl\/?p=4312"},"modified":"2019-10-21T20:00:03","modified_gmt":"2019-10-21T18:00:03","slug":"mit-o-prapoczatku","status":"publish","type":"post","link":"https:\/\/atorod.pl\/?p=4312","title":{"rendered":"Mit o prapocz\u0105tku"},"content":{"rendered":"<p>Ju\u017c po <em>Sigurdzie<\/em> w Nancy. Szkoda, bo nast\u0119pna okazja wys\u0142uchania tej niezwyk\u0142ej opery &#8211; ukochanej mi\u0119dzy innymi przez Edgara Degasa &#8211; przydarzy si\u0119 pewnie zn\u00f3w za sto lat. O Erne\u015bcie Reyerze, kt\u00f3ry opowiedzia\u0142 prawdziw\u0105 <em>Pie\u015b\u0144 o Nibelungach<\/em> j\u0119zykiem muzycznym lawiruj\u0105cym mi\u0119dzy stylami Berlioza i Masseneta, i o znakomitym wykonaniu pod batut\u0105 <span class=\"st\"> Fr\u00e9d\u00e9rica Chaslina napisz\u0119 ju\u017c za kilka dni. Dzi\u015b mog\u0142abym najwy\u017cej donie\u015b\u0107, jak si\u0119 wraca\u0142o ze stolicy Lotaryngii w okoliczno\u015bciach niespodziewanego strajku na kolei, kt\u00f3ry zaskoczy\u0142 nawet Francuz\u00f3w. Relacja z naszych perypetii mog\u0142aby si\u0119 rozrosn\u0105\u0107 do rozmiar\u00f3w solidnego eposu bohaterskiego, polecam wi\u0119c w zamian sylwetk\u0119 Aleksandra Nowaka, na marginesie niedawnej premiery jego najnowszego utworu &#8211; nieziemskiej urody <em>Dracha <\/em>z librettem Szczepana Twardocha. Tekst w bie\u017c\u0105cym numerze &#8222;Tygodnika Powszechnego&#8221;: <\/span><\/p>\n<p><a href=\"https:\/\/www.tygodnikpowszechny.pl\/mit-o-prapoczatku-160705?fbclid=IwAR0_caV0opVvwnldAYtK8HbpwsSv-5Ey4E1JmUKzcYuO6HbGmETTBbCRhnA\">Mit o prapocz\u0105tku<\/a><\/p>\n","protected":false},"excerpt":{"rendered":"<p>Ju\u017c po Sigurdzie w Nancy. Szkoda, bo nast\u0119pna okazja wys\u0142uchania tej niezwyk\u0142ej opery &#8211; ukochanej mi\u0119dzy innymi przez Edgara Degasa &#8211; przydarzy si\u0119 pewnie zn\u00f3w za sto lat. O Erne\u015bcie Reyerze, kt\u00f3ry opowiedzia\u0142 prawdziw\u0105 Pie\u015b\u0144 o Nibelungach j\u0119zykiem muzycznym lawiruj\u0105cym mi\u0119dzy stylami Berlioza i Masseneta, i o znakomitym wykonaniu pod batut\u0105 Fr\u00e9d\u00e9rica Chaslina napisz\u0119 ju\u017c &#8230; <span class=\"more\"><a class=\"more-link\" href=\"https:\/\/atorod.pl\/?p=4312\">[Read more&#8230;]<\/a><\/span><\/p>\n","protected":false},"author":2,"featured_media":0,"comment_status":"open","ping_status":"open","sticky":false,"template":"","format":"standard","meta":{"footnotes":""},"categories":[9],"tags":[],"class_list":{"0":"entry","1":"post","2":"publish","3":"author-mangusta","4":"post-4312","6":"format-standard","7":"category-prasowka"},"_links":{"self":[{"href":"https:\/\/atorod.pl\/index.php?rest_route=\/wp\/v2\/posts\/4312","targetHints":{"allow":["GET"]}}],"collection":[{"href":"https:\/\/atorod.pl\/index.php?rest_route=\/wp\/v2\/posts"}],"about":[{"href":"https:\/\/atorod.pl\/index.php?rest_route=\/wp\/v2\/types\/post"}],"author":[{"embeddable":true,"href":"https:\/\/atorod.pl\/index.php?rest_route=\/wp\/v2\/users\/2"}],"replies":[{"embeddable":true,"href":"https:\/\/atorod.pl\/index.php?rest_route=%2Fwp%2Fv2%2Fcomments&post=4312"}],"version-history":[{"count":2,"href":"https:\/\/atorod.pl\/index.php?rest_route=\/wp\/v2\/posts\/4312\/revisions"}],"predecessor-version":[{"id":4318,"href":"https:\/\/atorod.pl\/index.php?rest_route=\/wp\/v2\/posts\/4312\/revisions\/4318"}],"wp:attachment":[{"href":"https:\/\/atorod.pl\/index.php?rest_route=%2Fwp%2Fv2%2Fmedia&parent=4312"}],"wp:term":[{"taxonomy":"category","embeddable":true,"href":"https:\/\/atorod.pl\/index.php?rest_route=%2Fwp%2Fv2%2Fcategories&post=4312"},{"taxonomy":"post_tag","embeddable":true,"href":"https:\/\/atorod.pl\/index.php?rest_route=%2Fwp%2Fv2%2Ftags&post=4312"}],"curies":[{"name":"wp","href":"https:\/\/api.w.org\/{rel}","templated":true}]}}