{"id":4847,"date":"2020-05-27T13:19:55","date_gmt":"2020-05-27T11:19:55","guid":{"rendered":"http:\/\/atorod.pl\/?p=4847"},"modified":"2020-05-27T13:44:19","modified_gmt":"2020-05-27T11:44:19","slug":"oj-nie-dla-ciebie-mamo","status":"publish","type":"post","link":"https:\/\/atorod.pl\/?p=4847","title":{"rendered":"Oj, nie dla Ciebie, Mamo"},"content":{"rendered":"<p>Ju\u017c my\u015bla\u0142am, \u017ce nic mnie nie zdziwi. A tu prosz\u0119, wyobra\u017ani mi zabrak\u0142o, co sk\u0105din\u0105d jak najgorzej o mnie \u015bwiadczy jako o osobie uprawiaj\u0105cej zaw\u00f3d krytyka operowego. Ot\u00f3\u017c otwieram ja dzi\u015b internety, a tam znienacka dopada mnie wiadomo\u015b\u0107, \u017ce TVP w \u015brodku pandemii urz\u0105dzi\u0142a koncert z okazji Dnia Matki &#8211; mimo obowi\u0105zuj\u0105cego zakazu organizowania jakichkolwiek imprez i zgromadze\u0144, nakazu noszenia maseczek w miejscach publicznych, nie wspominaj\u0105c ju\u017c o wci\u0105\u017c niezniesionej decyzji o zamkni\u0119ciu wszystkich teatr\u00f3w i sal koncertowych. W dodatku TVP chyba sama nie wie, gdzie urz\u0105dzi\u0142a to dziwowisko, bo w materia\u0142ach promocyjnych zaanonsowa\u0142a, \u017ce w jakim\u015b Teatrze Wielkim, tymczasem na wideo jak w\u00f3\u0142 prezentuje si\u0119 Teatr Polski im. Arnolda Szyfmana w Warszawie. W radosnej fie\u015bcie wzi\u0119\u0142y udzia\u0142 same tuzy, mi\u0119dzy innymi Zenek Martyniuk oraz zesp\u00f3\u0142 Leszcze. Publiczno\u015b\u0107 na widowni &#8211; bez maseczek, a jak\u017ce, i w liczbie znacznie przekraczaj\u0105cej aktualne obostrzenia epidemiologiczne. Za to wniebowzi\u0119ta, podobnie jak wi\u0119kszo\u015b\u0107 odbiorc\u00f3w tego cuda w serwisie YouTube. I to wszystko dzieje si\u0119 w chwili, kiedy filharmonie i teatry nie tyle stoj\u0105, co le\u017c\u0105 i kwicz\u0105. Tyle tytu\u0142em wyja\u015bnienia na dzi\u015b. A do \u015bmiechu, p\u0142aczu albo ataku bezsilnej furii &#8211; m\u00f3j mysi felieton sprzed lat dziewi\u0119ciu. \u017beby Pa\u0144stwu uzmys\u0142owi\u0107, dlaczego do czego\u015b takiego w og\u00f3le doj\u015b\u0107 mog\u0142o.<\/p>\n<p>***<\/p>\n<p>Koniec \u015bwiata blisko. Najpierw ujrzeli\u015bmy Besti\u0119 wychodz\u0105c\u0105 z morza, maj\u0105c\u0105 dziesi\u0119\u0107 rog\u00f3w i siedem g\u0142\u00f3w, a na rogach jej dziesi\u0119\u0107 diadem\u00f3w, a na jej g\u0142owach imiona blu\u017aniercze. W \u201eGazecie Wyborczej\u201d z 18 lutego 2011 roku, w artykule <em>Zemsta nietoperza na Lutos\u0142awskim<\/em> przeczytali\u015bmy, \u017ce \u201eZarz\u0105d Polskiego Radia postanowi\u0142 od kwietnia na trzy lata wydzier\u017cawi\u0107 [dawne studio S1] Mazowieckiemu Teatrowi Muzycznemu im. Jana Kiepury, czyli Operetce. Umow\u0119 chc\u0105 podpisa\u0107 zast\u0119pca prezesa PR W\u0142adys\u0142aw Bogdanowski i marsza\u0142ek wojew\u00f3dztwa mazowieckiego Adam Struzik z PSL, kt\u00f3remu Operetka podlega\u201d. A potem ujrzeli\u015bmy Besti\u0119 wychodz\u0105c\u0105 z ziemi: mia\u0142a dwa rogi podobne do rog\u00f3w Baranka, a m\u00f3wi\u0142a jak Smok: \u201eProwadzimy spotkania, robimy analizy finansowe. Ostateczn\u0105 decyzj\u0119 podejmiemy we wtorek\u201d. Okaza\u0142o si\u0119, \u017ce to Monika Milewska, rzeczniczka marsza\u0142ka. Odczytawszy te znaki jako zapowied\u017a godziny s\u0105du, podreptali\u015bmy w kiepskim nastroju do nory, \u017ceby poszuka\u0107 ewentualnych wcze\u015bniejszych wizji. I znale\u017ali\u015bmy, w numerze 5\/1961 &#8222;Ruchu Muzycznego&#8221;, w tek\u015bcie W\u0142adys\u0142awa Malinowskiego <em>Podstawa programu \u2013 muzyka lekka<\/em>:<\/p>\n<p><em>Milczenie wok\u00f3\u0142 spraw radia nie pozostaje w \u017cadnym stosunku do ich znaczenia. Dzia\u0142aj\u0105 tu po prostu z\u0142e tradycje. To, \u017ce w naszych gazetach drukuje si\u0119 recenzje koncertowe przy jednoczesnym zaniedbaniu takiej dziedziny jak radio, jest wynikiem bezkrytycznego kontynuowania pewnych od lat wpojonych form dzia\u0142alno\u015bci dziennikarskiej, form wywodz\u0105cych si\u0119 wprost z XIX wieku, kiedy to wzmianki o koncertach czy przedstawieniach operowych nale\u017ca\u0142y do atrybut\u00f3w kroniki towarzyskiej.<\/em><\/p>\n<p><a href=\"http:\/\/atorod.pl\/wp-content\/uploads\/2020\/05\/BfVktkuTURBXy8yMzQ5OTVjMi05ZmYxLTQwNmQtOTIwMC02MjdhMjJjYTRkNWMuanBlZ5GTAgDNAeQ.jpg\"><img loading=\"lazy\" decoding=\"async\" class=\"alignnone size-medium wp-image-4849\" src=\"http:\/\/atorod.pl\/wp-content\/uploads\/2020\/05\/BfVktkuTURBXy8yMzQ5OTVjMi05ZmYxLTQwNmQtOTIwMC02MjdhMjJjYTRkNWMuanBlZ5GTAgDNAeQ-300x169.jpg\" alt=\"\" width=\"300\" height=\"169\" srcset=\"https:\/\/atorod.pl\/wp-content\/uploads\/2020\/05\/BfVktkuTURBXy8yMzQ5OTVjMi05ZmYxLTQwNmQtOTIwMC02MjdhMjJjYTRkNWMuanBlZ5GTAgDNAeQ-300x169.jpg 300w, https:\/\/atorod.pl\/wp-content\/uploads\/2020\/05\/BfVktkuTURBXy8yMzQ5OTVjMi05ZmYxLTQwNmQtOTIwMC02MjdhMjJjYTRkNWMuanBlZ5GTAgDNAeQ-768x433.jpg 768w, https:\/\/atorod.pl\/wp-content\/uploads\/2020\/05\/BfVktkuTURBXy8yMzQ5OTVjMi05ZmYxLTQwNmQtOTIwMC02MjdhMjJjYTRkNWMuanBlZ5GTAgDNAeQ.jpg 858w\" sizes=\"auto, (max-width: 300px) 100vw, 300px\" \/><\/a><\/p>\n<p>Fot. TVP<\/p>\n<p>Szczerze powiedziawszy, trudno by\u0142o wypracowa\u0107 odpowiednie wzorce w XIX wieku, skoro Guglielmo Marconi zainstalowa\u0142 sprz\u0119t nadawczy na dachu Poczty G\u0142\u00f3wnej w Londynie dopiero 27 lipca 1896 roku i przeprowadzi\u0142 stamt\u0105d pierwsz\u0105 publiczn\u0105 transmisj\u0119 radiow\u0105 na odleg\u0142o\u015b\u0107 niespe\u0142na jednego kilometra. Potem wysz\u0142o na jaw, \u017ce buchn\u0105\u0142 pomys\u0142 od Nikoli Tesli, kt\u00f3rego doprowadzi\u0142 z czasem do bankructwa i za\u0142amania nerwowego, tradycje wi\u0119c istotnie nie najlepsze. Za to o przedstawieniach operowych wci\u0105\u017c \u0142atwiej si\u0119 dowiedzie\u0107 z kronik towarzyskich, m.in. z internetowego serwisu Pudelek.pl, ni\u017c z powa\u017cnej prasy codziennej. W tej sytuacji funkcja wychowawcza wysuwa si\u0119 na plan pierwszy. Gorzej, \u017ce rozumiana jakby opacznie:<\/p>\n<p><em>Oddzielanie w zakresie programu muzycznego tzw. \u201efunkcji wychowawczej\u201d radia od \u201efunkcji rozrywkowej\u201d jest nieporozumieniem. Jest to niebezpieczna fikcja nie znajduj\u0105ca pokrycia w realnym wp\u0142ywie spo\u0142ecznym programu muzycznego jako ca\u0142o\u015bci. W istocie z punktu widzenia konsekwencji wychowawczych najwa\u017cniejszy jest w\u0142a\u015bnie program rozrywkowy, najwa\u017cniejszy jest dolny poziom, codzienno\u015b\u0107 \u2013 to co s\u0142uchane jest najcz\u0119\u015bciej i przez najliczniejsze grupy spo\u0142eczne.<br \/>\nPatronowanie (\u2026) nieporozumieniom przez instytucj\u0119 o tak wyg\u00f3rowanych w innych przypadkach ambicjach artystycznych jak Polskie Radio \u2013 jest w pewnym sensie zagadk\u0105. Trudno przypu\u015bci\u0107, \u017ceby rzeczy artystycznie niedoskona\u0142e uchodzi\u0142y za inne w oczach pracownik\u00f3w programowych Radia. Istota nieporozumienia le\u017cy chyba w niew\u0142a\u015bciwym zrozumieniu roli i obowi\u0105zk\u00f3w Radia wobec spo\u0142ecze\u0144stwa, w fa\u0142szywie poj\u0119tej misji popularyzatorskiej, polegaj\u0105cej w tym przypadku na biernym dostosowaniu si\u0119 do poziomu niekt\u00f3rych s\u0142uchaczy i zado\u015b\u0107uczynieniu ich upodobaniom.<\/em><\/p>\n<p>Wci\u0105\u017c jest w pewnym sensie zagadk\u0105, z jakich powod\u00f3w Polskie Radio czyni zado\u015b\u0107 bardzo w\u0105skiej grupie s\u0142uchaczy i z uporem godnym lepszej sprawy dostosowuje si\u0119 do ich poziomu. Jako\u015b wierzy\u0107 nam si\u0119 nie chce, by w roku 1961 abonenci masowo w\u0142\u0105czali odbiorniki na wie\u015b\u0107, \u017ce zaraz us\u0142ysz\u0105 Wroc\u0142awski Kwartet Rytmiczny, gda\u0144skie \u201eRubato\u201d lub zesp\u00f3\u0142 Janicza. Tak samo, jak dzi\u015b w g\u0142owie nam si\u0119 nie mie\u015bci, \u017ce publika zacznie wali\u0107 drzwiami i oknami do Studia im. Lutos\u0142awskiego na poranek edukacyjny Tomasza Kammela, prezentera programu <em>Zabij mnie \u015bmiechem<\/em> i jednego ze sta\u0142ych wsp\u00f3\u0142pracownik\u00f3w Mazowieckiego Teatru Muzycznego. A mo\u017ce dzia\u0142alno\u015b\u0107 misyjna Polskiego Radia wymaga pochylenia si\u0119 nad dol\u0105 s\u0142abszych? Mo\u017ce Radio musi wszystko budowa\u0107 od podstaw i o wszystko si\u0119 troszczy\u0107?<\/p>\n<p><em>(\u2026) w\u0142a\u015bnie ta sytuacja zmniejsza czujno\u015b\u0107 samego Radia w stosunku do artystycznego poziomu programu. Zawsze najtrudniej zdoby\u0107 si\u0119 na obiektywizm w stosunku do w\u0142asnego dzie\u0142a. W zakresie muzyki lekkiej Radio wydaje si\u0119 przyjmowa\u0107 rol\u0119 s\u0142u\u017cebn\u0105 wobec muzycznego za\u015bcianka, rol\u0119 spokojnej przystani dla w\u0105t\u0142ych niekiedy kom\u00f3rek muzycznych wychowanych pod kloszem swej w\u0142asnej opieki. Tymczasem rola Radia wykracza daleko poza dora\u017ane zadanie dostarczenia chleba ludziom paraj\u0105cym si\u0119 muzyk\u0105. W ka\u017cdym razie Radio nie jest instytucj\u0105 charytatywn\u0105. Jego rola, jako pot\u0119\u017cnego mecenasa tw\u00f3rczo\u015bci i wykonawstwa, nie zawsze jest u nas w\u0142a\u015bciwie poj\u0119ta.<\/em><\/p>\n<p>Niedobrze. Nasi przodkowie sprzed p\u00f3\u0142wiecza nie odczytali znak\u00f3w na niebie i ziemi. Malinowski ubolewa\u0142 nad obecno\u015bci\u0105 cha\u0142turnik\u00f3w na antenie, obro\u0144cy Studia im. Lutos\u0142awskiego maj\u0105 obawy, \u017ce na swej ulubionej estradzie nie us\u0142ysz\u0105 ju\u017c nikogo poza cha\u0142turnikami. Trudno. Niech ju\u017c przyjdzie ten koniec \u015bwiata. Bo jak nastanie nowy, to podobno wnios\u0105 do niego przepych i skarby narod\u00f3w, i nie wejdzie do niego nikt, kto pope\u0142nia ohyd\u0119 i k\u0142amstwo, w co naprawd\u0119 chcia\u0142by wierzy\u0107<\/p>\n<p>MUS TRITON<\/p>\n","protected":false},"excerpt":{"rendered":"<p>Ju\u017c my\u015bla\u0142am, \u017ce nic mnie nie zdziwi. A tu prosz\u0119, wyobra\u017ani mi zabrak\u0142o, co sk\u0105din\u0105d jak najgorzej o mnie \u015bwiadczy jako o osobie uprawiaj\u0105cej zaw\u00f3d krytyka operowego. Ot\u00f3\u017c otwieram ja dzi\u015b internety, a tam znienacka dopada mnie wiadomo\u015b\u0107, \u017ce TVP w \u015brodku pandemii urz\u0105dzi\u0142a koncert z okazji Dnia Matki &#8211; mimo obowi\u0105zuj\u0105cego zakazu organizowania jakichkolwiek &#8230; <span class=\"more\"><a class=\"more-link\" href=\"https:\/\/atorod.pl\/?p=4847\">[Read more&#8230;]<\/a><\/span><\/p>\n","protected":false},"author":2,"featured_media":0,"comment_status":"open","ping_status":"open","sticky":false,"template":"","format":"standard","meta":{"footnotes":""},"categories":[8],"tags":[],"class_list":{"0":"entry","1":"post","2":"publish","3":"author-mangusta","4":"post-4847","6":"format-standard","7":"category-miscellanea"},"_links":{"self":[{"href":"https:\/\/atorod.pl\/index.php?rest_route=\/wp\/v2\/posts\/4847","targetHints":{"allow":["GET"]}}],"collection":[{"href":"https:\/\/atorod.pl\/index.php?rest_route=\/wp\/v2\/posts"}],"about":[{"href":"https:\/\/atorod.pl\/index.php?rest_route=\/wp\/v2\/types\/post"}],"author":[{"embeddable":true,"href":"https:\/\/atorod.pl\/index.php?rest_route=\/wp\/v2\/users\/2"}],"replies":[{"embeddable":true,"href":"https:\/\/atorod.pl\/index.php?rest_route=%2Fwp%2Fv2%2Fcomments&post=4847"}],"version-history":[{"count":3,"href":"https:\/\/atorod.pl\/index.php?rest_route=\/wp\/v2\/posts\/4847\/revisions"}],"predecessor-version":[{"id":4851,"href":"https:\/\/atorod.pl\/index.php?rest_route=\/wp\/v2\/posts\/4847\/revisions\/4851"}],"wp:attachment":[{"href":"https:\/\/atorod.pl\/index.php?rest_route=%2Fwp%2Fv2%2Fmedia&parent=4847"}],"wp:term":[{"taxonomy":"category","embeddable":true,"href":"https:\/\/atorod.pl\/index.php?rest_route=%2Fwp%2Fv2%2Fcategories&post=4847"},{"taxonomy":"post_tag","embeddable":true,"href":"https:\/\/atorod.pl\/index.php?rest_route=%2Fwp%2Fv2%2Ftags&post=4847"}],"curies":[{"name":"wp","href":"https:\/\/api.w.org\/{rel}","templated":true}]}}