{"id":4875,"date":"2020-06-04T12:22:26","date_gmt":"2020-06-04T10:22:26","guid":{"rendered":"http:\/\/atorod.pl\/?p=4875"},"modified":"2020-06-04T13:20:25","modified_gmt":"2020-06-04T11:20:25","slug":"skorbit-dusza-mazowiecka","status":"publish","type":"post","link":"https:\/\/atorod.pl\/?p=4875","title":{"rendered":"Skorbit dusza mazowiecka"},"content":{"rendered":"<p>Dziesi\u0119\u0107 lat temu marzec by\u0142 wyj\u0105tkowo ch\u0142odny. Te\u017c nas poniek\u0105d zamrozi\u0142o, cho\u0107 z ca\u0142kiem innych powod\u00f3w. I podobnie jak dzi\u015b, wiele by\u015bmy oddali, \u017ceby tylko st\u0105d dalej, od tych pag\u00f3rk\u00f3w le\u015bnych i \u0142\u0105k zielonych, najch\u0119tniej do Grecji albo na Baleary. Trz\u0119s\u0105cymi si\u0119 z zimna r\u0119kami wertowa\u0142am wtedy stare roczniki &#8222;Ruchu Muzycznego&#8221; &#8211; jako Mus Triton, niestrudzony archiwista z redakcyjnej nory. I prosz\u0119, czego si\u0119 dogrzeba\u0142am. Historia diabelskim m\u0142ynem si\u0119 toczy: trafi\u0142am na komunikat o zawirowaniach personalnych na pewnym s\u0142ynnym festiwalu, utyskiwania na cudzoziemc\u00f3w, kt\u00f3rzy w przeciwie\u0144stwie do Polak\u00f3w nie maj\u0105 kultu wspomnie\u0144 i pami\u0105tek, oraz fragment pewnej ognistej mowy patriotycznej. Tylko pandemii zabrak\u0142o. Poniewa\u017c w tegorocznym zamieszaniu przegapili\u015bmy tak\u017ce prima aprilis, jest okazja nadrobi\u0107. Albo pogodzi\u0107 si\u0119 z my\u015bl\u0105, \u017ce pod nasz\u0105 szeroko\u015bci\u0105 geograficzn\u0105 prima aprilis wci\u0105\u017c trwa.<\/p>\n<p>***<\/p>\n<p>Jasny gwint! W\u0142a\u015bnie powinni\u015bmy zacz\u0105\u0107 okres godowy, wyprowadzi\u0107 od dw\u00f3ch do czterech miot\u00f3w, dochowa\u0107 si\u0119 w ka\u017cdym od trzech do o\u015bmiu m\u0142odych, a tu taki mr\u00f3z, \u017ce nawet nosa nam si\u0119 nie chce z nory wy\u015bciubi\u0107, \u017ceby poszuka\u0107 ch\u0119tnego do przed\u0142u\u017cenia gatunku. I jak tu by\u0107 patriot\u0105? Wyemigrowa\u0142oby si\u0119: do Francji lawend\u0105 pachn\u0105cej, na szkockie wrzosowiska, dok\u0105dkolwiek! Postanowili\u015bmy zajrze\u0107 do numeru 4\/1960 i zasi\u0119gn\u0105\u0107 opinii u prawdziwych \u015bwiatowc\u00f3w. Mo\u017ce by po\u0142\u0105czy\u0107 przyjemne z po\u017cytecznym i wybra\u0107 si\u0119 przy okazji na jaki\u015b festiwal? Otworzyli\u015bmy na <em>Wiadomo\u015bciach<\/em> ze strony 20 i c\u00f3\u017c za rozczarowanie:<\/p>\n<p><em>Robert Ponsonby, dyrektor Festiwali Muzycznych w Edynburgu od 1955 roku, poda\u0142 si\u0119 do dymisji, poniewa\u017c \u2013 jak poda\u0142 do wiadomo\u015bci \u2013 uwa\u017ca poziom Festiwali tych za zbyt niski. Komitet Festiwalowy przyj\u0105\u0142 rezygnacj\u0119 jego \u201ez \u017calem\u201d.<\/em><\/p>\n<p>W pe\u0142ni zrozumia\u0142ym: pewnie w Komitecie zasiada\u0142 jasnowidz, kt\u00f3ry ujrza\u0142 oczyma duszy, jak roze\u017alony ponuractwem Szkot\u00f3w Ponsonby zak\u0142ada rewi\u0119 \u201eBeyond The Fringe\u201d i udowadnia, \u201e\u017ce mo\u017cna si\u0119 bezkarnie nabija\u0107 z rodziny kr\u00f3lewskiej, z bomby atomowej, z kary \u015bmierci, z wszystkich tych rzeczy, z kt\u00f3rych dot\u0105d nie wolno si\u0119 by\u0142o \u015bmia\u0107\u201d \u2013 jak wspomni p\u00f3\u017aniej z zachwytem John Cleese, cz\u0142onek grupy Monty Python. Och, jak\u017ce ch\u0119tnie ponabijaliby\u015bmy si\u0119 bezkarnie z kilku dyrektor\u00f3w filharmonii, re\u017cyser\u00f3w operowych i chopinist\u00f3w! W Edynburgu jednak lepiej nie ryzykowa\u0107. Pojed\u017amy zatem w Wogezy \u2013 tam nas dobrze przyjm\u0105, zw\u0142aszcza w Marainville, rodzinnej miejscowo\u015bci Miko\u0142aja Chopina. Czy aby na pewno? Po lekturze <em>Listu do Redaktora<\/em> Leonii Gradstein nabrali\u015bmy w\u0105tpliwo\u015bci:<\/p>\n<p><em>Pan Daval przysy\u0142a mi zdj\u0119cie domku, w kt\u00f3rym urodzi\u0142 si\u0119 Miko\u0142aj Chopin i podaje garstk\u0119 ciekawych i zabawnych nawet informacji:<\/em><br \/>\n<em>Ot\u00f3\u017c mer Marainville p. Richard Trompette, jest tak wielkim wielbicielem Chopina, i\u017c swemu pierworodnemu synowi nada\u0142 rzadkie we Francji imi\u0119 Fr\u00e9d\u00e9ric. Poza tym mer \u00f3w, widz\u0105c, \u017ce domek rodzinny Chopin\u00f3w rozpada si\u0119 dos\u0142ownie, u\u017cywany jak stodo\u0142a przez obecnego w\u0142a\u015bciciela, p. Jules Gerard, sk\u0142onny by\u0142 zakupi\u0107 ten domek, jednak p. Gerard, kt\u00f3ry jest jednocze\u015bnie zast\u0119pc\u0105 mera, \u017c\u0105da sumy tak wyg\u00f3rowanej, \u017ce kupno nie mo\u017ce doj\u015b\u0107 do skutku. (\u2026)<\/em><br \/>\n<em>Pan Daval za\u0142\u0105cza fotografi\u0119 domku rodzinnego Chopin\u00f3w, wydan\u0105 z okazji stulecia \u015bmierci Chopina w roku 1849 i stwierdza z przykro\u015bci\u0105, \u017ce Francuzi nie maj\u0105, w przeciwie\u0144stwie do Polak\u00f3w, kultu wspomnie\u0144 i pami\u0105tek.<\/em><\/p>\n<p><a href=\"http:\/\/atorod.pl\/wp-content\/uploads\/2020\/06\/title-1579775725.jpg\"><img loading=\"lazy\" decoding=\"async\" class=\"alignnone size-medium wp-image-4876\" src=\"http:\/\/atorod.pl\/wp-content\/uploads\/2020\/06\/title-1579775725-300x198.jpg\" alt=\"\" width=\"300\" height=\"198\" srcset=\"https:\/\/atorod.pl\/wp-content\/uploads\/2020\/06\/title-1579775725-300x198.jpg 300w, https:\/\/atorod.pl\/wp-content\/uploads\/2020\/06\/title-1579775725.jpg 352w\" sizes=\"auto, (max-width: 300px) 100vw, 300px\" \/><\/a><\/p>\n<p>Stara poczt\u00f3wka z Marainville.<\/p>\n<p>Wniosek pana Davala jest wi\u0119cej ni\u017c pochopny. Sk\u0105d mo\u017cemy wiedzie\u0107, ile wspomnie\u0144 i pami\u0105tek kryje stodo\u0142a p. Jules Gerard? I c\u00f3\u017c z tego, \u017ce niezwi\u0105zanych z rodzin\u0105 Chopin\u00f3w? Dla w\u0142a\u015bciciela bezcennych, skoro zaproponowa\u0142 sprzeda\u017c domku po cenie zaporowej, i to swojemu zwierzchnikowi. Szkoda, bo miejsce urodzin Miko\u0142aja Chopina bardzo nam si\u0119 spodoba\u0142o. Na fotografii wygl\u0105da rzeczywi\u015bcie jak stodo\u0142a. W sam raz dla myszy.<br \/>\nNo dobra, nie emigrujemy. Nie b\u0119dziemy si\u0119 pcha\u0107, gdzie nas nie prosz\u0105. Zamiast szuka\u0107 \u015blad\u00f3w kompozytora w niego\u015bcinnych Wogezach i na zbyt upalnej Majorce, zostaniemy w domu i poczytamy sobie przem\u00f3wienie Prezesa Polskiej Akademii Nauk prof. dr Tadeusza Kotarbi\u0144skiego, wyg\u0142oszone na otwarciu I Mi\u0119dzynarodowego Kongresu Muzykologicznego, po\u015bwi\u0119conego tw\u00f3rczo\u015bci Fryderyka Chopina:<\/p>\n<p><em>W osobowo\u015bci Chopina dominuje wszelako rdzenno\u015b\u0107 mazowiecka. Tak, mazowiecka, powtarzam, nie sarmacka w og\u00f3le czy te\u017c lechicka po prostu. Rado\u015b\u0107 rozpiera Warszawian gdy sobie uprzytomniaj\u0105, \u017ce ozwa\u0142 si\u0119 w muzyce \u015bwiata g\u0142os, kt\u00f3ry wy\u015bpiewa\u0142 ich dusz\u0119 Mazowsza. Nale\u017ca\u0142a si\u0119 jej nagroda za niepozorno\u015b\u0107, za klejnot wybornej cnoty ukrytej w szarzy\u017anie. P\u0142asko tu, a o dalekich Tatrach ani widu ani s\u0142ychu. Nic, tylko roz\u0142ogi doko\u0142a \u017belazowej Woli i niebo przez p\u00f3\u0142 roku o\u0142owiane i t\u0119skni si\u0119 d\u0142ugo, d\u0142ugo za z\u0142otym s\u0142o\u0144cem. Ale przyznajmy, kiedy oto wiosn\u0105 zab\u0142y\u015bnie, a na roz\u0142ogach \u015bwie\u017c\u0105 za\u015bmieje si\u0119 zieleni\u0105 wyzwolona od \u015bnieg\u00f3w ozimina i skowronki zatrzepoc\u0105 nad \u0142\u0105kami, w\u00f3wczas rozkosznie pi\u0119kna si\u0119 staje ziemia mazowiecka. I rozumie si\u0119 dobrze i czuje si\u0119 \u017cywo, \u017ce by\u0142o do czego t\u0119skni\u0107 i \u017ce brak b\u0119dzie Mazurowi tego w\u0142a\u015bnie czaru czy to w\u015br\u00f3d palm i oleandr\u00f3w na pogodnych wiecznie Balearach, czy to w pon\u0119tnym Nohant, gdzie tak bardzo brak mu by\u0142o nie tylko barw i odg\u0142os\u00f3w gleby rodzimej, lecz i mowy w\u0142asnej, mowy, w kt\u00f3rej m\u00f3g\u0142by gwarzy\u0107 po swojemu. T\u0119skno mu by\u0142o i do ziemi mazowieckiej i za t\u0105 ziemi\u0105, dok\u0105d ju\u017c wraca\u0107 by\u0142o nie spos\u00f3b. Co w muzyce Chopina pochodzi sk\u0105din\u0105d, o tym powiedz\u0105 stateczni i uczeni znawcy kunsztu i jego dziej\u00f3w, ale Polacy wiedz\u0105 \u2013 i nikt i nic tej wiedzy z ich ja\u017ani wyrwa\u0107 nie zdo\u0142a \u2013 \u017ce mi\u0142o\u015b\u0107 i t\u0119sknota do tego, co w sercach naszych \u0142opoce, to by\u0142a si\u0142a g\u0142\u00f3wna jego natchnienia. A to, co \u0142opoce w naszych sercach, nie tak si\u0119 porusza jak na obczy\u017anie.<\/em><\/p>\n<p>Ale\u015bmy si\u0119 wzruszyli i zawstydzili! Nie wiedz\u0105c tylko, co to \u201eroz\u0142ogi\u201d, sprawdzili\u015bmy w encyklopedii: powstaj\u0105 na obszarach zbudowanych ze ska\u0142 ma\u0142oprzepuszczalnych i ma\u0142o zwi\u0119z\u0142ych w wyniku procesu sp\u0142ukiwania, dzia\u0142alno\u015bci ruch\u00f3w masowych, a zw\u0142aszcza spe\u0142zywania. Chyba podsuniemy t\u0119 definicj\u0119 jakiemu\u015b aspiruj\u0105cemu chopini\u015bcie. Wszak prima aprilis za pasem, o czym lojalnie przypomina<\/p>\n<p>MUS TRITON<\/p>\n","protected":false},"excerpt":{"rendered":"<p>Dziesi\u0119\u0107 lat temu marzec by\u0142 wyj\u0105tkowo ch\u0142odny. Te\u017c nas poniek\u0105d zamrozi\u0142o, cho\u0107 z ca\u0142kiem innych powod\u00f3w. I podobnie jak dzi\u015b, wiele by\u015bmy oddali, \u017ceby tylko st\u0105d dalej, od tych pag\u00f3rk\u00f3w le\u015bnych i \u0142\u0105k zielonych, najch\u0119tniej do Grecji albo na Baleary. Trz\u0119s\u0105cymi si\u0119 z zimna r\u0119kami wertowa\u0142am wtedy stare roczniki &#8222;Ruchu Muzycznego&#8221; &#8211; jako Mus Triton, &#8230; <span class=\"more\"><a class=\"more-link\" href=\"https:\/\/atorod.pl\/?p=4875\">[Read more&#8230;]<\/a><\/span><\/p>\n","protected":false},"author":2,"featured_media":0,"comment_status":"open","ping_status":"open","sticky":false,"template":"","format":"standard","meta":{"footnotes":""},"categories":[8],"tags":[],"class_list":{"0":"entry","1":"post","2":"publish","3":"author-mangusta","4":"post-4875","6":"format-standard","7":"category-miscellanea"},"_links":{"self":[{"href":"https:\/\/atorod.pl\/index.php?rest_route=\/wp\/v2\/posts\/4875","targetHints":{"allow":["GET"]}}],"collection":[{"href":"https:\/\/atorod.pl\/index.php?rest_route=\/wp\/v2\/posts"}],"about":[{"href":"https:\/\/atorod.pl\/index.php?rest_route=\/wp\/v2\/types\/post"}],"author":[{"embeddable":true,"href":"https:\/\/atorod.pl\/index.php?rest_route=\/wp\/v2\/users\/2"}],"replies":[{"embeddable":true,"href":"https:\/\/atorod.pl\/index.php?rest_route=%2Fwp%2Fv2%2Fcomments&post=4875"}],"version-history":[{"count":5,"href":"https:\/\/atorod.pl\/index.php?rest_route=\/wp\/v2\/posts\/4875\/revisions"}],"predecessor-version":[{"id":4881,"href":"https:\/\/atorod.pl\/index.php?rest_route=\/wp\/v2\/posts\/4875\/revisions\/4881"}],"wp:attachment":[{"href":"https:\/\/atorod.pl\/index.php?rest_route=%2Fwp%2Fv2%2Fmedia&parent=4875"}],"wp:term":[{"taxonomy":"category","embeddable":true,"href":"https:\/\/atorod.pl\/index.php?rest_route=%2Fwp%2Fv2%2Fcategories&post=4875"},{"taxonomy":"post_tag","embeddable":true,"href":"https:\/\/atorod.pl\/index.php?rest_route=%2Fwp%2Fv2%2Ftags&post=4875"}],"curies":[{"name":"wp","href":"https:\/\/api.w.org\/{rel}","templated":true}]}}