{"id":5047,"date":"2020-08-18T16:10:03","date_gmt":"2020-08-18T14:10:03","guid":{"rendered":"http:\/\/atorod.pl\/?p=5047"},"modified":"2020-08-18T16:10:03","modified_gmt":"2020-08-18T14:10:03","slug":"czarny-aniol-choc-bialoskrzydly","status":"publish","type":"post","link":"https:\/\/atorod.pl\/?p=5047","title":{"rendered":"Czarny Anio\u0142 cho\u0107 bia\u0142oskrzyd\u0142y"},"content":{"rendered":"<p>Moje pokolenie chowa\u0142o si\u0119 na piosenkach Ewy Demarczyk. Dzi\u0119ki nim uczy\u0142o si\u0119 wra\u017cliwo\u015bci na d\u017awi\u0119k, s\u0142owo i poezj\u0119. Ilekro\u0107 zostawa\u0142am sama w naszym mieszkaniu na Mokotowie, pakowa\u0142am si\u0119 pod st\u00f3\u0142 w ojcowskiej pracowni i ods\u0142uchiwa\u0142am &#8222;czarn\u0105 p\u0142yt\u0119&#8221; do upad\u0142ego &#8211; na gramofonie marki AEG-Telefunken, kt\u00f3ry p\u00f3\u017aniej wyw\u0119drowa\u0142 z domu, sama ju\u017c nie pami\u0119tam, dok\u0105d. P\u0142yta zosta\u0142a: niemi\u0142osiernie zarysowana na <em>Wierszach wojennych<\/em>, na kt\u00f3re zbyt raptownie opu\u015bci\u0142am kiedy\u015b rami\u0119 z ig\u0142\u0105, przerzuciwszy kr\u0105\u017cek na drug\u0105 stron\u0119. Demarczyk ju\u017c wcze\u015bniej ukry\u0142a si\u0119 przed ludzkim wzrokiem. Dopiero teraz, kiedy odesz\u0142a na dobre, zrozumieli\u015bmy, jak bardzo nam jej brakowa\u0142o. Poni\u017cej kr\u00f3ciutki nekrolog z &#8222;Tygodnika Powszechnego&#8221; oraz link do filmu z pr\u00f3b w Brukseli, nakr\u0119conego w 1969 roku dla belgijskiej telewizji RTBF.<\/p>\n<p><a href=\"https:\/\/www.tygodnikpowszechny.pl\/czarny-aniol-choc-bialoskrzydly-164499?fbclid=IwAR1ztbl45mSvvGcGUba_n6tbswRZLrgLLmfTIAhrxkr_JNAYoQDiaSmlu6E\">Czarny Anio\u0142 cho\u0107 bia\u0142oskrzyd\u0142y<\/a><\/p>\n<p><iframe loading=\"lazy\" title=\"Ewa Demarczyk in Brussels (1969)\" width=\"700\" height=\"525\" src=\"https:\/\/www.youtube.com\/embed\/sAh-Ev2uZSg?feature=oembed\" frameborder=\"0\" allow=\"accelerometer; autoplay; clipboard-write; encrypted-media; gyroscope; picture-in-picture\" allowfullscreen><\/iframe><\/p>\n","protected":false},"excerpt":{"rendered":"<p>Moje pokolenie chowa\u0142o si\u0119 na piosenkach Ewy Demarczyk. Dzi\u0119ki nim uczy\u0142o si\u0119 wra\u017cliwo\u015bci na d\u017awi\u0119k, s\u0142owo i poezj\u0119. Ilekro\u0107 zostawa\u0142am sama w naszym mieszkaniu na Mokotowie, pakowa\u0142am si\u0119 pod st\u00f3\u0142 w ojcowskiej pracowni i ods\u0142uchiwa\u0142am &#8222;czarn\u0105 p\u0142yt\u0119&#8221; do upad\u0142ego &#8211; na gramofonie marki AEG-Telefunken, kt\u00f3ry p\u00f3\u017aniej wyw\u0119drowa\u0142 z domu, sama ju\u017c nie pami\u0119tam, dok\u0105d. P\u0142yta &#8230; <span class=\"more\"><a class=\"more-link\" href=\"https:\/\/atorod.pl\/?p=5047\">[Read more&#8230;]<\/a><\/span><\/p>\n","protected":false},"author":2,"featured_media":0,"comment_status":"open","ping_status":"open","sticky":false,"template":"","format":"standard","meta":{"footnotes":""},"categories":[9],"tags":[],"class_list":{"0":"entry","1":"post","2":"publish","3":"author-mangusta","4":"post-5047","6":"format-standard","7":"category-prasowka"},"_links":{"self":[{"href":"https:\/\/atorod.pl\/index.php?rest_route=\/wp\/v2\/posts\/5047","targetHints":{"allow":["GET"]}}],"collection":[{"href":"https:\/\/atorod.pl\/index.php?rest_route=\/wp\/v2\/posts"}],"about":[{"href":"https:\/\/atorod.pl\/index.php?rest_route=\/wp\/v2\/types\/post"}],"author":[{"embeddable":true,"href":"https:\/\/atorod.pl\/index.php?rest_route=\/wp\/v2\/users\/2"}],"replies":[{"embeddable":true,"href":"https:\/\/atorod.pl\/index.php?rest_route=%2Fwp%2Fv2%2Fcomments&post=5047"}],"version-history":[{"count":1,"href":"https:\/\/atorod.pl\/index.php?rest_route=\/wp\/v2\/posts\/5047\/revisions"}],"predecessor-version":[{"id":5048,"href":"https:\/\/atorod.pl\/index.php?rest_route=\/wp\/v2\/posts\/5047\/revisions\/5048"}],"wp:attachment":[{"href":"https:\/\/atorod.pl\/index.php?rest_route=%2Fwp%2Fv2%2Fmedia&parent=5047"}],"wp:term":[{"taxonomy":"category","embeddable":true,"href":"https:\/\/atorod.pl\/index.php?rest_route=%2Fwp%2Fv2%2Fcategories&post=5047"},{"taxonomy":"post_tag","embeddable":true,"href":"https:\/\/atorod.pl\/index.php?rest_route=%2Fwp%2Fv2%2Ftags&post=5047"}],"curies":[{"name":"wp","href":"https:\/\/api.w.org\/{rel}","templated":true}]}}