{"id":5049,"date":"2020-08-21T20:52:37","date_gmt":"2020-08-21T18:52:37","guid":{"rendered":"http:\/\/atorod.pl\/?p=5049"},"modified":"2024-05-24T11:34:23","modified_gmt":"2024-05-24T09:34:23","slug":"dziwna-jakas-halka","status":"publish","type":"post","link":"https:\/\/atorod.pl\/?p=5049","title":{"rendered":"Dziwna jaka\u015b Halka"},"content":{"rendered":"<p>Kochani, naprawd\u0119 powolutku si\u0119 zaczyna! I oby tak dalej, cho\u0107 wci\u0105\u017c trudno si\u0119 oswoi\u0107 z nowym trybem uczestnictwa w koncertach realizowanych w re\u017cimie sanitarnym. Wbrew pozorom, mam te\u017c odczucia pozytywne, cho\u0107 zdaj\u0119 sobie spraw\u0119, \u017ce komfort s\u0142uchania nie idzie w parze z interesem instytucji muzycznych. W na wp\u00f3\u0142 wype\u0142nionych salach d\u017awi\u0119k znacznie lepiej si\u0119 niesie. Nikt nie kaszle i nie szele\u015bci papierkami po cukierkach &#8211; cho\u0107 bufety, w przeciwie\u0144stwie do innych kraj\u00f3w w Europie, w Polsce jednak dzia\u0142aj\u0105. Najwi\u0119kszy dyskomfort wi\u0105\u017ce si\u0119 z obowi\u0105zkiem noszenia masek &#8211; co nie dziwi, bo w Polsce polityka informacyjna le\u017cy i nikt nas nie nauczy\u0142 prawid\u0142owego oddychania z os\u0142on\u0105 ust i nosa. Podpowiem z w\u0142asnych do\u015bwiadcze\u0144 od pocz\u0105tku pandemii: oddycha\u0107 p\u0142ytko i wolno, co pozwoli unikn\u0105\u0107 hiperwentylacji, a tym samym ograniczy poczucie klaustrofobii, kt\u00f3re prowadzi prost\u0105 drog\u0105 do reakcji l\u0119kowych. W razie w\u0105tpliwo\u015bci &#8211; skonsultowa\u0107 si\u0119 ze znajomymi chirurgami, kt\u00f3rzy mierz\u0105 si\u0119 z tym problemem na co dzie\u0144. Ju\u017c wkr\u00f3tce podziel\u0119 si\u0119 z Pa\u0144stwem pierwszymi wra\u017ceniami z warszawskiego festiwalu Chopin i jego Europa. P\u00f3\u017aniej &#8211; je\u015bli los pozwoli &#8211; opowiem, jak to wygl\u0105da w Niemczech, gdzie obostrzenia s\u0105 znacznie surowsze. Tymczasem wr\u00f3\u0107my na chwil\u0119 do Moniuszki, a \u015bci\u015blej do jego wsp\u00f3\u0142pracy z W\u0142odzimierzem Wolskim przy <em>Halce<\/em>. O tym, jak ewoluowa\u0142a opowie\u015b\u0107 o przekl\u0119tej mi\u0142o\u015bci g\u00f3ralki, w podw\u00f3jnym, letnim numerze miesi\u0119cznika &#8222;Teatr&#8221;.<\/p>\n<p><a href=\"https:\/\/teatr-pismo.pl\/7806-dziwna-jakas-halka\/\">Dziwna jaka\u015b Halka<\/a><\/p>\n","protected":false},"excerpt":{"rendered":"<p>Kochani, naprawd\u0119 powolutku si\u0119 zaczyna! I oby tak dalej, cho\u0107 wci\u0105\u017c trudno si\u0119 oswoi\u0107 z nowym trybem uczestnictwa w koncertach realizowanych w re\u017cimie sanitarnym. Wbrew pozorom, mam te\u017c odczucia pozytywne, cho\u0107 zdaj\u0119 sobie spraw\u0119, \u017ce komfort s\u0142uchania nie idzie w parze z interesem instytucji muzycznych. W na wp\u00f3\u0142 wype\u0142nionych salach d\u017awi\u0119k znacznie lepiej si\u0119 niesie. &#8230; <span class=\"more\"><a class=\"more-link\" href=\"https:\/\/atorod.pl\/?p=5049\">[Read more&#8230;]<\/a><\/span><\/p>\n","protected":false},"author":2,"featured_media":0,"comment_status":"open","ping_status":"open","sticky":false,"template":"","format":"standard","meta":{"footnotes":""},"categories":[9],"tags":[],"class_list":{"0":"entry","1":"post","2":"publish","3":"author-mangusta","4":"post-5049","6":"format-standard","7":"category-prasowka"},"_links":{"self":[{"href":"https:\/\/atorod.pl\/index.php?rest_route=\/wp\/v2\/posts\/5049","targetHints":{"allow":["GET"]}}],"collection":[{"href":"https:\/\/atorod.pl\/index.php?rest_route=\/wp\/v2\/posts"}],"about":[{"href":"https:\/\/atorod.pl\/index.php?rest_route=\/wp\/v2\/types\/post"}],"author":[{"embeddable":true,"href":"https:\/\/atorod.pl\/index.php?rest_route=\/wp\/v2\/users\/2"}],"replies":[{"embeddable":true,"href":"https:\/\/atorod.pl\/index.php?rest_route=%2Fwp%2Fv2%2Fcomments&post=5049"}],"version-history":[{"count":2,"href":"https:\/\/atorod.pl\/index.php?rest_route=\/wp\/v2\/posts\/5049\/revisions"}],"predecessor-version":[{"id":8084,"href":"https:\/\/atorod.pl\/index.php?rest_route=\/wp\/v2\/posts\/5049\/revisions\/8084"}],"wp:attachment":[{"href":"https:\/\/atorod.pl\/index.php?rest_route=%2Fwp%2Fv2%2Fmedia&parent=5049"}],"wp:term":[{"taxonomy":"category","embeddable":true,"href":"https:\/\/atorod.pl\/index.php?rest_route=%2Fwp%2Fv2%2Fcategories&post=5049"},{"taxonomy":"post_tag","embeddable":true,"href":"https:\/\/atorod.pl\/index.php?rest_route=%2Fwp%2Fv2%2Ftags&post=5049"}],"curies":[{"name":"wp","href":"https:\/\/api.w.org\/{rel}","templated":true}]}}