{"id":5328,"date":"2020-12-25T16:24:01","date_gmt":"2020-12-25T15:24:01","guid":{"rendered":"https:\/\/atorod.pl\/?p=5328"},"modified":"2021-09-11T11:58:14","modified_gmt":"2021-09-11T09:58:14","slug":"zolte-swiatlo-w-niebieskiej-ciemnosci","status":"publish","type":"post","link":"https:\/\/atorod.pl\/?p=5328","title":{"rendered":"\u017b\u00f3\u0142te \u015bwiat\u0142o w niebieskiej ciemno\u015bci"},"content":{"rendered":"<p>Tak sobie pomy\u015bla\u0142am, \u017ce z ko\u0144cem roku warto przypomnie\u0107 o jednym z najciekawszych, o ile nie najciekawszym przedstawieniu operowym, jakie polscy widzowie mogli dot\u0105d obejrze\u0107 w zubo\u017conym pandemi\u0105 sezonie. A i tak wszystko wisia\u0142o na w\u0142osku, bo gdy w TW-ON odbywa\u0142y si\u0119 ostatnie pr\u00f3by przed premier\u0105, Warszawa nieub\u0142aganie wkracza\u0142a w stref\u0119 czerwon\u0105. O legendarnym <em>Wertherze <\/em>w re\u017cyserii Deckera &#8211; tym razem wy\u0142\u0105cznie w kontek\u015bcie inscenizacji &#8211; pisz\u0119 w grudniowym numerze &#8222;Teatru&#8221;, gdzie mi\u0119dzy innymi arcyciekawy esej Henryka Mazurkiewicza o &#8222;klaczy, kt\u00f3ra uciek\u0142a z folwarku&#8221;, czyli o sztuce Andreja Kurejczyka <em>Pokrzywdzeni<\/em> i o Nowej Bia\u0142orusi, a tak\u017ce rozmowy z Eliz\u0105 Borowsk\u0105 i Jackiem Braciakiem, tegorocznymi laureatami Nagrody im. Aleksandra Zelwerowicza, oraz z Joann\u0105 Nawrock\u0105, dyrektor warszawskiego Teatru Ochoty, kt\u00f3ry w\u0142a\u015bnie obchodzi jubileusz pi\u0119\u0107dziesi\u0119ciolecia. B\u0119dzie przynajmniej co poczyta\u0107 pod choink\u0105, skoro teatry wci\u0105\u017c zamkni\u0119te.<\/p>\n<p><a href=\"http:\/\/www.teatr-pismo.pl\/przestrzenie-teatru\/2832\/zolte_swiatlo_w_niebieskiej_ciemnosci\/\">http:\/\/www.teatr-pismo.pl\/przestrzenie-teatru\/2832\/zolte_swiatlo_w_niebieskiej_ciemnosci\/<\/a><\/p>\n","protected":false},"excerpt":{"rendered":"<p>Tak sobie pomy\u015bla\u0142am, \u017ce z ko\u0144cem roku warto przypomnie\u0107 o jednym z najciekawszych, o ile nie najciekawszym przedstawieniu operowym, jakie polscy widzowie mogli dot\u0105d obejrze\u0107 w zubo\u017conym pandemi\u0105 sezonie. A i tak wszystko wisia\u0142o na w\u0142osku, bo gdy w TW-ON odbywa\u0142y si\u0119 ostatnie pr\u00f3by przed premier\u0105, Warszawa nieub\u0142aganie wkracza\u0142a w stref\u0119 czerwon\u0105. O legendarnym Wertherze &#8230; <span class=\"more\"><a class=\"more-link\" href=\"https:\/\/atorod.pl\/?p=5328\">[Read more&#8230;]<\/a><\/span><\/p>\n","protected":false},"author":2,"featured_media":0,"comment_status":"open","ping_status":"open","sticky":false,"template":"","format":"standard","meta":{"footnotes":""},"categories":[9],"tags":[],"class_list":{"0":"entry","1":"post","2":"publish","3":"author-mangusta","4":"post-5328","6":"format-standard","7":"category-prasowka"},"_links":{"self":[{"href":"https:\/\/atorod.pl\/index.php?rest_route=\/wp\/v2\/posts\/5328","targetHints":{"allow":["GET"]}}],"collection":[{"href":"https:\/\/atorod.pl\/index.php?rest_route=\/wp\/v2\/posts"}],"about":[{"href":"https:\/\/atorod.pl\/index.php?rest_route=\/wp\/v2\/types\/post"}],"author":[{"embeddable":true,"href":"https:\/\/atorod.pl\/index.php?rest_route=\/wp\/v2\/users\/2"}],"replies":[{"embeddable":true,"href":"https:\/\/atorod.pl\/index.php?rest_route=%2Fwp%2Fv2%2Fcomments&post=5328"}],"version-history":[{"count":1,"href":"https:\/\/atorod.pl\/index.php?rest_route=\/wp\/v2\/posts\/5328\/revisions"}],"predecessor-version":[{"id":5329,"href":"https:\/\/atorod.pl\/index.php?rest_route=\/wp\/v2\/posts\/5328\/revisions\/5329"}],"wp:attachment":[{"href":"https:\/\/atorod.pl\/index.php?rest_route=%2Fwp%2Fv2%2Fmedia&parent=5328"}],"wp:term":[{"taxonomy":"category","embeddable":true,"href":"https:\/\/atorod.pl\/index.php?rest_route=%2Fwp%2Fv2%2Fcategories&post=5328"},{"taxonomy":"post_tag","embeddable":true,"href":"https:\/\/atorod.pl\/index.php?rest_route=%2Fwp%2Fv2%2Ftags&post=5328"}],"curies":[{"name":"wp","href":"https:\/\/api.w.org\/{rel}","templated":true}]}}