{"id":6492,"date":"2022-04-04T23:30:33","date_gmt":"2022-04-04T21:30:33","guid":{"rendered":"https:\/\/atorod.pl\/?p=6492"},"modified":"2022-04-05T00:13:25","modified_gmt":"2022-04-04T22:13:25","slug":"daleka-podroz-malego-upiora","status":"publish","type":"post","link":"https:\/\/atorod.pl\/?p=6492","title":{"rendered":"Daleka podr\u00f3\u017c ma\u0142ego Upiora"},"content":{"rendered":"<p>Zanim jeszcze zakocha\u0142am si\u0119 w Muminkach, zaczytywa\u0142am si\u0119 w wierszach, ba\u015bniach i powiastkach fi\u0144skiego romantyka Zachariasza Topeliusa, mi\u0119dzy innymi w <em>Dalekiej podr\u00f3\u017cy ma\u0142ego Lucka<\/em>, do kt\u00f3rej nawi\u0105za\u0142am w tytule tej notki. I od tamtej pory marzy\u0142am o dalekiej podr\u00f3\u017cy do Finlandii. Uda\u0142o si\u0119 dopiero teraz: w przedziwnych i coraz bardziej niepokoj\u0105cych okoliczno\u015bciach. Zrz\u0105dzeniem losu, akurat w ten weekend media w Polsce zacz\u0119\u0142y si\u0119 rozpisywa\u0107 o fi\u0144skiej strategii &#8222;kompleksowego bezpiecze\u0144stwa&#8221;, kt\u00f3ra od zako\u0144czenia II wojny \u015bwiatowej przygotowuje mieszka\u0144c\u00f3w na ewentualny konflikt zbrojny z Rosj\u0105. Ma\u0142o kto pisze, jak mocno Finowie prze\u017cywaj\u0105 obecn\u0105 napa\u015b\u0107 Rosji na Ukrain\u0119 i jak ich emocje rzutuj\u0105 na odbi\u00f3r sztuki, w tym tak\u017ce opery. Kiedy\u015b, w swojej pierwszej recenzji z <em>Billy&#8217;ego Budda, <\/em>zwr\u00f3ci\u0142am uwag\u0119, \u017ce wojna zabija anio\u0142y. Wizjonerska interpretacja arcydzie\u0142a Brittena przez Hannu Lintu bardziej by\u0142a o wojnie ni\u017c o anio\u0142ach, i w takiej w\u0142a\u015bnie postaci wstrz\u0105sn\u0119\u0142a publiczno\u015bci\u0105 Fi\u0144skiej Opery Narodowej. Donios\u0119 o tym Pa\u0144stwu za kilka dni, a tymczasem podziel\u0119 si\u0119 kilkoma impresjami fotograficznymi z Helsinek, \u015bci\u015blej z przechadzek po dystrykcie T\u00f6\u00f6l\u00f6 w zachodniej cz\u0119\u015bci P\u00f3\u0142wyspu Helsi\u0144skiego. Mie\u015bci si\u0119 tam nie tylko gmach teatru operowego, ale te\u017c wiele innych fascynuj\u0105cych budynk\u00f3w i za\u0142o\u017ce\u0144 urbanistycznych, reprezentuj\u0105cych barwn\u0105 mozaik\u0119 styl\u00f3w w fi\u0144skiej architekturze XX wieku: od eklektycznej mieszanki neogotyku i neoroma\u0144szczyzny, poprzez secesj\u0119 i nordycki klasycyzm a\u017c po &#8222;heretycki&#8221; modernizm projekt\u00f3w Alvara Aalto, \u015bci\u015ble zespolonych z pejza\u017cem i prze\u015bwietlonych na wskro\u015b o\u015blepiaj\u0105cym \u015bwiat\u0142em P\u00f3\u0142nocy. Zapu\u015bci\u0142am si\u0119 te\u017c na lutera\u0144ski Cmentarz Hietaniemi, gdzie pr\u00f3cz wielu osobisto\u015bci zas\u0142u\u017conych dla fi\u0144skiej kultury i to\u017csamo\u015bci narodowej spoczywaj\u0105 setki \u017co\u0142nierzy poleg\u0142ych w wojnach zimowej, kontynuacyjnej i lapo\u0144skiej.<\/p>\n<p>By\u0142o s\u0142o\u0144ce i by\u0142 mr\u00f3z. Czasem zrywa\u0142 si\u0119 wiatr, jak w rozdziale o go\u015bciach z <em>Zimy Mumink\u00f3w. <\/em>&#8222;Osoba rozs\u0105dna wiedzia\u0142aby, \u017ce w ten w\u0142a\u015bnie spos\u00f3b rozpocz\u0119\u0142a si\u0119 d\u0142uga wiosna. Ale z\u0142o\u017cy\u0142o si\u0119 tak, \u017ce nad brzegiem morza nie by\u0142o \u017cadnej rozs\u0105dnej osoby, by\u0142 tylko Muminek&#8221;. Kilka dni temu do ma\u0142ego trolla, id\u0105cego pod wiatr w zupe\u0142nie z\u0142ym kierunku, do\u0142\u0105czy\u0142a tak\u017ce ca\u0142kiem nierozs\u0105dna krytyk operowa z Polski.<\/p>\n<p><a href=\"https:\/\/atorod.pl\/wp-content\/uploads\/2022\/04\/IMG_3519.jpg\"><img loading=\"lazy\" decoding=\"async\" class=\"alignnone size-medium wp-image-6493\" src=\"https:\/\/atorod.pl\/wp-content\/uploads\/2022\/04\/IMG_3519-300x225.jpg\" alt=\"\" width=\"300\" height=\"225\" srcset=\"https:\/\/atorod.pl\/wp-content\/uploads\/2022\/04\/IMG_3519-300x225.jpg 300w, https:\/\/atorod.pl\/wp-content\/uploads\/2022\/04\/IMG_3519-1024x768.jpg 1024w, https:\/\/atorod.pl\/wp-content\/uploads\/2022\/04\/IMG_3519-768x576.jpg 768w, https:\/\/atorod.pl\/wp-content\/uploads\/2022\/04\/IMG_3519-1536x1152.jpg 1536w, https:\/\/atorod.pl\/wp-content\/uploads\/2022\/04\/IMG_3519.jpg 1632w\" sizes=\"auto, (max-width: 300px) 100vw, 300px\" \/><\/a><\/p>\n<p>Widok na zatok\u0119 T\u00f6\u00f6l\u00f6 od strony parku Hesperia&#8230;<\/p>\n<p><a href=\"https:\/\/atorod.pl\/wp-content\/uploads\/2022\/04\/IMG_3523.jpg\"><img loading=\"lazy\" decoding=\"async\" class=\"alignnone size-medium wp-image-6494\" src=\"https:\/\/atorod.pl\/wp-content\/uploads\/2022\/04\/IMG_3523-225x300.jpg\" alt=\"\" width=\"225\" height=\"300\" srcset=\"https:\/\/atorod.pl\/wp-content\/uploads\/2022\/04\/IMG_3523-225x300.jpg 225w, https:\/\/atorod.pl\/wp-content\/uploads\/2022\/04\/IMG_3523-768x1024.jpg 768w, https:\/\/atorod.pl\/wp-content\/uploads\/2022\/04\/IMG_3523-1152x1536.jpg 1152w, https:\/\/atorod.pl\/wp-content\/uploads\/2022\/04\/IMG_3523.jpg 1224w\" sizes=\"auto, (max-width: 225px) 100vw, 225px\" \/><\/a><\/p>\n<p>&#8230;i na industrialny krajobraz Helsinek z pla\u017cy Hietaniemi nad Zatok\u0105 Fi\u0144sk\u0105.<\/p>\n<p><a href=\"https:\/\/atorod.pl\/wp-content\/uploads\/2022\/04\/IMG_3518.jpg\"><img loading=\"lazy\" decoding=\"async\" class=\"alignnone size-medium wp-image-6495\" src=\"https:\/\/atorod.pl\/wp-content\/uploads\/2022\/04\/IMG_3518-300x225.jpg\" alt=\"\" width=\"300\" height=\"225\" srcset=\"https:\/\/atorod.pl\/wp-content\/uploads\/2022\/04\/IMG_3518-300x225.jpg 300w, https:\/\/atorod.pl\/wp-content\/uploads\/2022\/04\/IMG_3518-1024x768.jpg 1024w, https:\/\/atorod.pl\/wp-content\/uploads\/2022\/04\/IMG_3518-768x576.jpg 768w, https:\/\/atorod.pl\/wp-content\/uploads\/2022\/04\/IMG_3518-1536x1152.jpg 1536w, https:\/\/atorod.pl\/wp-content\/uploads\/2022\/04\/IMG_3518.jpg 1632w\" sizes=\"auto, (max-width: 300px) 100vw, 300px\" \/><\/a><\/p>\n<p>Dodam przy okazji, \u017ce wody T\u00f6\u00f6l\u00f6nlahti s\u0105 jeszcze ca\u0142kiem zmarzni\u0119te.<\/p>\n<p><a href=\"https:\/\/atorod.pl\/wp-content\/uploads\/2022\/04\/IMG_3527.jpg\"><img loading=\"lazy\" decoding=\"async\" class=\"alignnone size-medium wp-image-6496\" src=\"https:\/\/atorod.pl\/wp-content\/uploads\/2022\/04\/IMG_3527-225x300.jpg\" alt=\"\" width=\"225\" height=\"300\" srcset=\"https:\/\/atorod.pl\/wp-content\/uploads\/2022\/04\/IMG_3527-225x300.jpg 225w, https:\/\/atorod.pl\/wp-content\/uploads\/2022\/04\/IMG_3527-768x1024.jpg 768w, https:\/\/atorod.pl\/wp-content\/uploads\/2022\/04\/IMG_3527-1152x1536.jpg 1152w, https:\/\/atorod.pl\/wp-content\/uploads\/2022\/04\/IMG_3527.jpg 1224w\" sizes=\"auto, (max-width: 225px) 100vw, 225px\" \/><\/a><\/p>\n<p>To jeden z najmniejszych nagrobk\u00f3w na cmentarzu Hietaniemi, r\u00f3wny powierzchni\u0105 kartce papieru i mo\u017ce dlatego tym bardziej chwytaj\u0105cy za serce.<\/p>\n<p><a href=\"https:\/\/atorod.pl\/wp-content\/uploads\/2022\/04\/IMG_3528.jpg\"><img loading=\"lazy\" decoding=\"async\" class=\"alignnone size-medium wp-image-6497\" src=\"https:\/\/atorod.pl\/wp-content\/uploads\/2022\/04\/IMG_3528-300x225.jpg\" alt=\"\" width=\"300\" height=\"225\" srcset=\"https:\/\/atorod.pl\/wp-content\/uploads\/2022\/04\/IMG_3528-300x225.jpg 300w, https:\/\/atorod.pl\/wp-content\/uploads\/2022\/04\/IMG_3528-1024x768.jpg 1024w, https:\/\/atorod.pl\/wp-content\/uploads\/2022\/04\/IMG_3528-768x576.jpg 768w, https:\/\/atorod.pl\/wp-content\/uploads\/2022\/04\/IMG_3528-1536x1152.jpg 1536w, https:\/\/atorod.pl\/wp-content\/uploads\/2022\/04\/IMG_3528.jpg 1568w\" sizes=\"auto, (max-width: 300px) 100vw, 300px\" \/><\/a><\/p>\n<p>To za\u015b niewiele wi\u0119kszy gr\u00f3b Alvara Aalto, tw\u00f3rcy najcenniejszej per\u0142y architektonicznej nad zatok\u0105 T\u00f6\u00f6l\u00f6: gmachu Finlandia Talo, siedziby mi\u0119dzy innymi Filharmonii Helsi\u0144skiej i Orkiestry Radia Fi\u0144skiego.<\/p>\n<p>Wszystkie zdj\u0119cia: Dorota Kozi\u0144ska<\/p>\n","protected":false},"excerpt":{"rendered":"<p>Zanim jeszcze zakocha\u0142am si\u0119 w Muminkach, zaczytywa\u0142am si\u0119 w wierszach, ba\u015bniach i powiastkach fi\u0144skiego romantyka Zachariasza Topeliusa, mi\u0119dzy innymi w Dalekiej podr\u00f3\u017cy ma\u0142ego Lucka, do kt\u00f3rej nawi\u0105za\u0142am w tytule tej notki. I od tamtej pory marzy\u0142am o dalekiej podr\u00f3\u017cy do Finlandii. Uda\u0142o si\u0119 dopiero teraz: w przedziwnych i coraz bardziej niepokoj\u0105cych okoliczno\u015bciach. Zrz\u0105dzeniem losu, akurat &#8230; <span class=\"more\"><a class=\"more-link\" href=\"https:\/\/atorod.pl\/?p=6492\">[Read more&#8230;]<\/a><\/span><\/p>\n","protected":false},"author":2,"featured_media":0,"comment_status":"open","ping_status":"open","sticky":false,"template":"","format":"standard","meta":{"footnotes":""},"categories":[7],"tags":[],"class_list":{"0":"entry","1":"post","2":"publish","3":"author-mangusta","4":"post-6492","6":"format-standard","7":"category-wedrowki-operowe"},"_links":{"self":[{"href":"https:\/\/atorod.pl\/index.php?rest_route=\/wp\/v2\/posts\/6492","targetHints":{"allow":["GET"]}}],"collection":[{"href":"https:\/\/atorod.pl\/index.php?rest_route=\/wp\/v2\/posts"}],"about":[{"href":"https:\/\/atorod.pl\/index.php?rest_route=\/wp\/v2\/types\/post"}],"author":[{"embeddable":true,"href":"https:\/\/atorod.pl\/index.php?rest_route=\/wp\/v2\/users\/2"}],"replies":[{"embeddable":true,"href":"https:\/\/atorod.pl\/index.php?rest_route=%2Fwp%2Fv2%2Fcomments&post=6492"}],"version-history":[{"count":7,"href":"https:\/\/atorod.pl\/index.php?rest_route=\/wp\/v2\/posts\/6492\/revisions"}],"predecessor-version":[{"id":6504,"href":"https:\/\/atorod.pl\/index.php?rest_route=\/wp\/v2\/posts\/6492\/revisions\/6504"}],"wp:attachment":[{"href":"https:\/\/atorod.pl\/index.php?rest_route=%2Fwp%2Fv2%2Fmedia&parent=6492"}],"wp:term":[{"taxonomy":"category","embeddable":true,"href":"https:\/\/atorod.pl\/index.php?rest_route=%2Fwp%2Fv2%2Fcategories&post=6492"},{"taxonomy":"post_tag","embeddable":true,"href":"https:\/\/atorod.pl\/index.php?rest_route=%2Fwp%2Fv2%2Ftags&post=6492"}],"curies":[{"name":"wp","href":"https:\/\/api.w.org\/{rel}","templated":true}]}}