{"id":6929,"date":"2022-10-12T14:17:10","date_gmt":"2022-10-12T12:17:10","guid":{"rendered":"https:\/\/atorod.pl\/?p=6929"},"modified":"2022-10-12T14:17:10","modified_gmt":"2022-10-12T12:17:10","slug":"prawdziwie-szczesny","status":"publish","type":"post","link":"https:\/\/atorod.pl\/?p=6929","title":{"rendered":"Prawdziwie Szcz\u0119sny"},"content":{"rendered":"<p>Ten wyjazd mia\u0142 by\u0107 jeszcze ciekawszy, bo w programie wystawy <em>Music and Migration in Georgian Edinburgh. The Story of Felix Yaniewicz<\/em>, zorganizowanej z inicjatywy Josie Dixon, praprapraprawnuczki Janiewicza, we wsp\u00f3\u0142pracy z National Trust for Scotland oraz Instytutem Adama Mickiewicza, zaplanowano tak\u017ce koncerty po\u0142\u0105czone z wyk\u0142adami muzyk\u00f3w. Akurat w tamten weekend, w zwi\u0105zku z przygotowaniami do pogrzebu kr\u00f3lowej El\u017cbiety II, wszystkie imprezy towarzysz\u0105ce ekspozycji odwo\u0142ano. C\u00f3\u017c by\u0142o robi\u0107, jak nie zanurzy\u0107 si\u0119 tym g\u0142\u0119biej w histori\u0119 nies\u0142usznie zapomnianego wirtuoza i miasta &#8222;ze snu szalonego boga&#8221;, gdzie sp\u0119dzi\u0142 p\u00f3\u0142 \u017cycia? Ci z Pa\u0144stwa, kt\u00f3rzy w najbli\u017cszych dniach wybior\u0105 si\u0119 do Edynburga, maj\u0105 jeszcze szans\u0119 wpa\u015b\u0107 do The Georgian House, zwiedzi\u0107 nie tylko wystaw\u0119, ale i ca\u0142\u0105 rezydencj\u0119, a 23 pa\u017adziernika, po finisa\u017cu, wys\u0142ucha\u0107 koncertu, kt\u00f3ry mnie omin\u0105\u0142: po\u015bwi\u0119conego wsp\u00f3\u0142pracy Janiewicza z Angelik\u0105 Catalani, w wykonaniu sopranistki Kate Semmens i Stevena Devine&#8217;a, pierwszego &#8222;klawiszowca&#8221; <span id=\"span-62-55\" class=\"ct-span oxy-stock-content-styles\">Orchestra of the Age of Enlightenment<\/span>. Na zach\u0119t\u0119 link do mojego artyku\u0142u, kt\u00f3ry ukaza\u0142 si\u0119 w\u0142a\u015bnie w &#8222;Tygodniku Powszechnym&#8221;:<\/p>\n<p><a href=\"https:\/\/www.tygodnikpowszechny.pl\/prawdziwie-szczesny-179580\">Prawdziwie Szcz\u0119sny<\/a><\/p>\n","protected":false},"excerpt":{"rendered":"<p>Ten wyjazd mia\u0142 by\u0107 jeszcze ciekawszy, bo w programie wystawy Music and Migration in Georgian Edinburgh. The Story of Felix Yaniewicz, zorganizowanej z inicjatywy Josie Dixon, praprapraprawnuczki Janiewicza, we wsp\u00f3\u0142pracy z National Trust for Scotland oraz Instytutem Adama Mickiewicza, zaplanowano tak\u017ce koncerty po\u0142\u0105czone z wyk\u0142adami muzyk\u00f3w. Akurat w tamten weekend, w zwi\u0105zku z przygotowaniami do &#8230; <span class=\"more\"><a class=\"more-link\" href=\"https:\/\/atorod.pl\/?p=6929\">[Read more&#8230;]<\/a><\/span><\/p>\n","protected":false},"author":2,"featured_media":0,"comment_status":"open","ping_status":"open","sticky":false,"template":"","format":"standard","meta":{"footnotes":""},"categories":[9],"tags":[],"class_list":{"0":"entry","1":"post","2":"publish","3":"author-mangusta","4":"post-6929","6":"format-standard","7":"category-prasowka"},"_links":{"self":[{"href":"https:\/\/atorod.pl\/index.php?rest_route=\/wp\/v2\/posts\/6929","targetHints":{"allow":["GET"]}}],"collection":[{"href":"https:\/\/atorod.pl\/index.php?rest_route=\/wp\/v2\/posts"}],"about":[{"href":"https:\/\/atorod.pl\/index.php?rest_route=\/wp\/v2\/types\/post"}],"author":[{"embeddable":true,"href":"https:\/\/atorod.pl\/index.php?rest_route=\/wp\/v2\/users\/2"}],"replies":[{"embeddable":true,"href":"https:\/\/atorod.pl\/index.php?rest_route=%2Fwp%2Fv2%2Fcomments&post=6929"}],"version-history":[{"count":2,"href":"https:\/\/atorod.pl\/index.php?rest_route=\/wp\/v2\/posts\/6929\/revisions"}],"predecessor-version":[{"id":6931,"href":"https:\/\/atorod.pl\/index.php?rest_route=\/wp\/v2\/posts\/6929\/revisions\/6931"}],"wp:attachment":[{"href":"https:\/\/atorod.pl\/index.php?rest_route=%2Fwp%2Fv2%2Fmedia&parent=6929"}],"wp:term":[{"taxonomy":"category","embeddable":true,"href":"https:\/\/atorod.pl\/index.php?rest_route=%2Fwp%2Fv2%2Fcategories&post=6929"},{"taxonomy":"post_tag","embeddable":true,"href":"https:\/\/atorod.pl\/index.php?rest_route=%2Fwp%2Fv2%2Ftags&post=6929"}],"curies":[{"name":"wp","href":"https:\/\/api.w.org\/{rel}","templated":true}]}}