{"id":729,"date":"2015-09-02T12:41:55","date_gmt":"2015-09-02T10:41:55","guid":{"rendered":"http:\/\/atorod.pl\/?p=729"},"modified":"2015-09-02T16:52:03","modified_gmt":"2015-09-02T14:52:03","slug":"kolumb-rocznik-1956","status":"publish","type":"post","link":"https:\/\/atorod.pl\/?p=729","title":{"rendered":"Kolumb, rocznik 1956"},"content":{"rendered":"<p>Pojutrze otwarcie Narodowego Forum Muzyki we Wroc\u0142awiu, w niedziel\u0119 rusza kolejny festiwal Wratislavia Cantans. W ko\u015bciele \u015bw. Krzy\u017ca 12 wrze\u015bnia wyst\u0105pi Ensemble Organum pod kierunkiem <span class=\"st\">Marcela P\u00e9r\u00e8sa. To by\u0142a moja pierwsza muzyczna mi\u0142o\u015b\u0107 w doros\u0142ym \u017cyciu i pierwszy muzyczny jednoro\u017cec, za kt\u00f3rym ugania\u0142am si\u0119 po ca\u0142ej Europie. Dodajmy, \u017ce by\u0142o to \u0107wier\u0107 wieku temu i moja fascynacja poci\u0105gn\u0119\u0142a za sob\u0105 istn\u0105 lawin\u0119 kpin w \u00f3wczesnym polskim \u015bwiatku muzyki dawnej. Jednoro\u017cec da\u0142 si\u0119 kilka razy dopa\u015b\u0107. Dwukrotnie uczestniczy\u0142am w kursach mistrzowskich P\u00e9r\u00e8sa w opactwie Royaumont, korzysta\u0142y\u015bmy z jego bezcennych wskaz\u00f3wek z Aldon\u0105 Czechak, przygotowuj\u0105c si\u0119 do nagrania p\u0142yty nieistniej\u0105cego ju\u017c zespo\u0142u Studio 600 dla wytw\u00f3rni CD Accord (z francuskim chora\u0142em barokowym), to on zorganizowa\u0142 nasz koncert we Francji, poprzedzony obszernym wyk\u0142adem Upiora i spotkaniem z artystami zwi\u0105zanymi z CERIMM. Ciesz\u0119 si\u0119, \u017ce m\u00f3j pionierski entuzjazm utorowa\u0142 drog\u0119 p\u00f3\u017aniejszym zapale\u0144com, kt\u00f3rym wreszcie uda\u0142o si\u0119 przekona\u0107 polski establishment do tego wielkiego artysty i badacza tradycji wokalnej. S\u0142uchaczy szcz\u0119\u015bliwie przekonywa\u0107 ju\u017c nie trzeba. Sylwetka Marcela P\u00e9r\u00e8sa w dodatku do najnowszego numeru &#8222;Tygodnika Powszechnego&#8221;, przygotowanym pod redakcj\u0105 Kuby Puchalskiego. <\/span><\/p>\n<p><a href=\"https:\/\/www.tygodnikpowszechny.pl\/kolumb-rocznik-1956-29877\">Kolumb, rocznik 1956<\/a><\/p>\n","protected":false},"excerpt":{"rendered":"<p>Pojutrze otwarcie Narodowego Forum Muzyki we Wroc\u0142awiu, w niedziel\u0119 rusza kolejny festiwal Wratislavia Cantans. W ko\u015bciele \u015bw. Krzy\u017ca 12 wrze\u015bnia wyst\u0105pi Ensemble Organum pod kierunkiem Marcela P\u00e9r\u00e8sa. To by\u0142a moja pierwsza muzyczna mi\u0142o\u015b\u0107 w doros\u0142ym \u017cyciu i pierwszy muzyczny jednoro\u017cec, za kt\u00f3rym ugania\u0142am si\u0119 po ca\u0142ej Europie. Dodajmy, \u017ce by\u0142o to \u0107wier\u0107 wieku temu i &#8230; <span class=\"more\"><a class=\"more-link\" href=\"https:\/\/atorod.pl\/?p=729\">[Read more&#8230;]<\/a><\/span><\/p>\n","protected":false},"author":2,"featured_media":0,"comment_status":"open","ping_status":"open","sticky":false,"template":"","format":"standard","meta":{"footnotes":""},"categories":[9],"tags":[],"class_list":{"0":"entry","1":"post","2":"publish","3":"author-mangusta","4":"post-729","6":"format-standard","7":"category-prasowka"},"_links":{"self":[{"href":"https:\/\/atorod.pl\/index.php?rest_route=\/wp\/v2\/posts\/729","targetHints":{"allow":["GET"]}}],"collection":[{"href":"https:\/\/atorod.pl\/index.php?rest_route=\/wp\/v2\/posts"}],"about":[{"href":"https:\/\/atorod.pl\/index.php?rest_route=\/wp\/v2\/types\/post"}],"author":[{"embeddable":true,"href":"https:\/\/atorod.pl\/index.php?rest_route=\/wp\/v2\/users\/2"}],"replies":[{"embeddable":true,"href":"https:\/\/atorod.pl\/index.php?rest_route=%2Fwp%2Fv2%2Fcomments&post=729"}],"version-history":[{"count":3,"href":"https:\/\/atorod.pl\/index.php?rest_route=\/wp\/v2\/posts\/729\/revisions"}],"predecessor-version":[{"id":732,"href":"https:\/\/atorod.pl\/index.php?rest_route=\/wp\/v2\/posts\/729\/revisions\/732"}],"wp:attachment":[{"href":"https:\/\/atorod.pl\/index.php?rest_route=%2Fwp%2Fv2%2Fmedia&parent=729"}],"wp:term":[{"taxonomy":"category","embeddable":true,"href":"https:\/\/atorod.pl\/index.php?rest_route=%2Fwp%2Fv2%2Fcategories&post=729"},{"taxonomy":"post_tag","embeddable":true,"href":"https:\/\/atorod.pl\/index.php?rest_route=%2Fwp%2Fv2%2Ftags&post=729"}],"curies":[{"name":"wp","href":"https:\/\/api.w.org\/{rel}","templated":true}]}}