{"id":7310,"date":"2023-04-14T13:04:01","date_gmt":"2023-04-14T11:04:01","guid":{"rendered":"https:\/\/atorod.pl\/?p=7310"},"modified":"2023-05-19T20:32:14","modified_gmt":"2023-05-19T18:32:14","slug":"maerzmusik-od-nowa","status":"publish","type":"post","link":"https:\/\/atorod.pl\/?p=7310","title":{"rendered":"Co\u015b dla ludzkiej ciekawo\u015bci"},"content":{"rendered":"<p>Ju\u017c wkr\u00f3tce recenzja z po\u017cegnalnego przedstawienia <em>Pasji greckiej <\/em>Martin\u016f w brne\u0144skim Teatrze Janaczka, a tymczasem s\u0142\u00f3w kilka o za\u0142o\u017ceniach programowych inicjatora festiwalu &#8222;muzyki aktualnej&#8221; MaerzMusik i jego nast\u0119pcy &#8211; oraz sylwetka jego nowej szefowej, Kamili Metwaly. Poszczeg\u00f3lne ods\u0142ony MaerzMusik relacjonowa\u0142am kiedy\u015b sumiennie na \u0142amach &#8222;Ruchu Muzycznego&#8221;, p\u00f3\u017aniej tak\u017ce w &#8222;Glissandzie&#8221; i &#8222;Tygodniku Powszechnym&#8221;. Tekst, kt\u00f3ry ukaza\u0142 si\u0119 w najnowszym numerze &#8222;TP&#8221;, kieruj\u0119 raczej do meloman\u00f3w nieobeznanych z dotychczasow\u0105 histori\u0105 tej niezwyk\u0142ej imprezy. Do Berlina wpad\u0142am tym razem tylko na kilka dni, \u017ceby do\u015bwiadczy\u0107 atmosfery nowego, odrodzonego po pandemii festiwalu. Mam nadziej\u0119, \u017ce w przysz\u0142ym roku przyjad\u0119 na d\u0142u\u017cej, jak za dawnych dobrych czas\u00f3w.<\/p>\n<p><a href=\"https:\/\/www.tygodnikpowszechny.pl\/maerzmusik-od-nowa-183039\">Co\u015b dla ludzkiej ciekawo\u015bci<\/a><\/p>\n","protected":false},"excerpt":{"rendered":"<p>Ju\u017c wkr\u00f3tce recenzja z po\u017cegnalnego przedstawienia Pasji greckiej Martin\u016f w brne\u0144skim Teatrze Janaczka, a tymczasem s\u0142\u00f3w kilka o za\u0142o\u017ceniach programowych inicjatora festiwalu &#8222;muzyki aktualnej&#8221; MaerzMusik i jego nast\u0119pcy &#8211; oraz sylwetka jego nowej szefowej, Kamili Metwaly. Poszczeg\u00f3lne ods\u0142ony MaerzMusik relacjonowa\u0142am kiedy\u015b sumiennie na \u0142amach &#8222;Ruchu Muzycznego&#8221;, p\u00f3\u017aniej tak\u017ce w &#8222;Glissandzie&#8221; i &#8222;Tygodniku Powszechnym&#8221;. Tekst, kt\u00f3ry &#8230; <span class=\"more\"><a class=\"more-link\" href=\"https:\/\/atorod.pl\/?p=7310\">[Read more&#8230;]<\/a><\/span><\/p>\n","protected":false},"author":2,"featured_media":0,"comment_status":"open","ping_status":"open","sticky":false,"template":"","format":"standard","meta":{"footnotes":""},"categories":[9],"tags":[],"class_list":{"0":"entry","1":"post","2":"publish","3":"author-mangusta","4":"post-7310","6":"format-standard","7":"category-prasowka"},"_links":{"self":[{"href":"https:\/\/atorod.pl\/index.php?rest_route=\/wp\/v2\/posts\/7310","targetHints":{"allow":["GET"]}}],"collection":[{"href":"https:\/\/atorod.pl\/index.php?rest_route=\/wp\/v2\/posts"}],"about":[{"href":"https:\/\/atorod.pl\/index.php?rest_route=\/wp\/v2\/types\/post"}],"author":[{"embeddable":true,"href":"https:\/\/atorod.pl\/index.php?rest_route=\/wp\/v2\/users\/2"}],"replies":[{"embeddable":true,"href":"https:\/\/atorod.pl\/index.php?rest_route=%2Fwp%2Fv2%2Fcomments&post=7310"}],"version-history":[{"count":3,"href":"https:\/\/atorod.pl\/index.php?rest_route=\/wp\/v2\/posts\/7310\/revisions"}],"predecessor-version":[{"id":7387,"href":"https:\/\/atorod.pl\/index.php?rest_route=\/wp\/v2\/posts\/7310\/revisions\/7387"}],"wp:attachment":[{"href":"https:\/\/atorod.pl\/index.php?rest_route=%2Fwp%2Fv2%2Fmedia&parent=7310"}],"wp:term":[{"taxonomy":"category","embeddable":true,"href":"https:\/\/atorod.pl\/index.php?rest_route=%2Fwp%2Fv2%2Fcategories&post=7310"},{"taxonomy":"post_tag","embeddable":true,"href":"https:\/\/atorod.pl\/index.php?rest_route=%2Fwp%2Fv2%2Ftags&post=7310"}],"curies":[{"name":"wp","href":"https:\/\/api.w.org\/{rel}","templated":true}]}}