{"id":7318,"date":"2023-04-18T12:20:46","date_gmt":"2023-04-18T10:20:46","guid":{"rendered":"https:\/\/atorod.pl\/?p=7318"},"modified":"2023-04-18T12:20:46","modified_gmt":"2023-04-18T10:20:46","slug":"trudne-przebudzenie","status":"publish","type":"post","link":"https:\/\/atorod.pl\/?p=7318","title":{"rendered":"Trudne przebudzenie"},"content":{"rendered":"<p>Z przyjemno\u015bci\u0105 anonsuj\u0119 kwietniowy &#8222;Teatr&#8221;, kt\u00f3rego tematem przewodnim jest krytyka i postkrytyka (id\u0105c w \u015blady Jacka Kopci\u0144skiego, polecam zw\u0142aszcza dwug\u0142os Jana Karowa i Grzegorza Kondrasiuka &#8211; na marginesie ksi\u0105\u017cki Stanis\u0142awa Godlewskiego <em>Towarzyszka broni<\/em> oraz przygotowanej pod jego redakcj\u0105 antologii wsp\u00f3\u0142czesnej polskiej krytyki teatralnej <em>Mocna w kryzysie<\/em>). W najnowszym numerze miesi\u0119cznika tak\u017ce wspomnienie Patrice&#8217;a Pavisa o zmar\u0142ym w ubieg\u0142ym roku Hansie-Thiesie Lehmannie, autorze prze\u0142omowych prac z dziedziny teorii i estetyki teatru, m.in. s\u0142ynnego <em>Teatru postdramatycznego<\/em>; rozmowa Katarzyny Flader-Rzeszowskiej z Mariuszem Bonaszewskim; oraz &#8211; na internetowej &#8222;jedynce&#8221;, w dziale <em>Przestrzenie teatru <\/em>&#8211; m\u00f3j kr\u00f3tki esej o zbawiennych, ale te\u017c i w\u0105tpliwych przebudzeniach we wsp\u00f3\u0142czesnym \u015bwiecie operowym. Zapraszamy do lektury.<\/p>\n<p><a href=\"https:\/\/teatr-pismo.pl\/20344-trudne-przebudzenie\/\">Trudne przebudzenie<\/a><\/p>\n","protected":false},"excerpt":{"rendered":"<p>Z przyjemno\u015bci\u0105 anonsuj\u0119 kwietniowy &#8222;Teatr&#8221;, kt\u00f3rego tematem przewodnim jest krytyka i postkrytyka (id\u0105c w \u015blady Jacka Kopci\u0144skiego, polecam zw\u0142aszcza dwug\u0142os Jana Karowa i Grzegorza Kondrasiuka &#8211; na marginesie ksi\u0105\u017cki Stanis\u0142awa Godlewskiego Towarzyszka broni oraz przygotowanej pod jego redakcj\u0105 antologii wsp\u00f3\u0142czesnej polskiej krytyki teatralnej Mocna w kryzysie). W najnowszym numerze miesi\u0119cznika tak\u017ce wspomnienie Patrice&#8217;a Pavisa o &#8230; <span class=\"more\"><a class=\"more-link\" href=\"https:\/\/atorod.pl\/?p=7318\">[Read more&#8230;]<\/a><\/span><\/p>\n","protected":false},"author":2,"featured_media":0,"comment_status":"open","ping_status":"open","sticky":false,"template":"","format":"standard","meta":{"footnotes":""},"categories":[9],"tags":[],"class_list":{"0":"entry","1":"post","2":"publish","3":"author-mangusta","4":"post-7318","6":"format-standard","7":"category-prasowka"},"_links":{"self":[{"href":"https:\/\/atorod.pl\/index.php?rest_route=\/wp\/v2\/posts\/7318","targetHints":{"allow":["GET"]}}],"collection":[{"href":"https:\/\/atorod.pl\/index.php?rest_route=\/wp\/v2\/posts"}],"about":[{"href":"https:\/\/atorod.pl\/index.php?rest_route=\/wp\/v2\/types\/post"}],"author":[{"embeddable":true,"href":"https:\/\/atorod.pl\/index.php?rest_route=\/wp\/v2\/users\/2"}],"replies":[{"embeddable":true,"href":"https:\/\/atorod.pl\/index.php?rest_route=%2Fwp%2Fv2%2Fcomments&post=7318"}],"version-history":[{"count":1,"href":"https:\/\/atorod.pl\/index.php?rest_route=\/wp\/v2\/posts\/7318\/revisions"}],"predecessor-version":[{"id":7319,"href":"https:\/\/atorod.pl\/index.php?rest_route=\/wp\/v2\/posts\/7318\/revisions\/7319"}],"wp:attachment":[{"href":"https:\/\/atorod.pl\/index.php?rest_route=%2Fwp%2Fv2%2Fmedia&parent=7318"}],"wp:term":[{"taxonomy":"category","embeddable":true,"href":"https:\/\/atorod.pl\/index.php?rest_route=%2Fwp%2Fv2%2Fcategories&post=7318"},{"taxonomy":"post_tag","embeddable":true,"href":"https:\/\/atorod.pl\/index.php?rest_route=%2Fwp%2Fv2%2Ftags&post=7318"}],"curies":[{"name":"wp","href":"https:\/\/api.w.org\/{rel}","templated":true}]}}