{"id":748,"date":"2015-09-12T22:11:47","date_gmt":"2015-09-12T20:11:47","guid":{"rendered":"http:\/\/atorod.pl\/?p=748"},"modified":"2015-09-13T01:15:18","modified_gmt":"2015-09-12T23:15:18","slug":"akustyka-jak-kameleon","status":"publish","type":"post","link":"https:\/\/atorod.pl\/?p=748","title":{"rendered":"Akustyka jak kameleon"},"content":{"rendered":"<p>No to si\u0119 doczekali\u015bmy. Kilkana\u015bcie lat temu niekt\u00f3rzy z nas podrwiwali sobie, \u017ce pomys\u0142 wzniesienia Narodowego Forum Muzyki we Wroc\u0142awiu przypomina S\u0119dziowskie &#8222;Ja z synowcem na czele, i &#8211; jako\u015b to b\u0119dzie&#8221; z <em>Pana Tadeusza<\/em>. Istotnie, spodziewane i niespodziewane trudno\u015bci zdawa\u0142y si\u0119 pi\u0119trzy\u0107 w niesko\u0144czono\u015b\u0107. O ile k\u0142opoty konstrukcyjne zwi\u0105zane z blisko\u015bci\u0105 Fosy Miejskiej i &#8222;odkryciem&#8221; pozosta\u0142o\u015bci dawnych umocnie\u0144 da\u0142o si\u0119 jeszcze jako\u015b przewidzie\u0107, o tyle przedwczesna i tragiczna \u015bmier\u0107 Stefana Kury\u0142owicza, szefa Autorskiej Pracowni Architektury Kury\u0142owicz &amp; Associates, kt\u00f3ra przygotowa\u0142a projekt nowego budynku, po\u0142o\u017cy\u0142a si\u0119 d\u0142ugim cieniem na ambitnym przedsi\u0119wzi\u0119ciu. Inwestycj\u0119, kt\u00f3r\u0105 w pa\u017adzierniku 2012 roku przerwano, pozostawiaj\u0105c gmach w stanie surowym, uda\u0142o si\u0119 jednak szcz\u0119\u015bliwie podj\u0105\u0107 rok p\u00f3\u017aniej z innym wykonawc\u0105 i ostatecznie doko\u0144czy\u0107 na wiosn\u0119 2015 roku. Oficjalne otwarcie nast\u0105pi\u0142o 4 wrze\u015bnia, na dwa dni przed inauguracj\u0105 jubileuszowego, pi\u0119\u0107dziesi\u0105tego festiwalu Wratislavia Cantans.<\/p>\n<p>Imponuj\u0105ca siedziba NFM oblek\u0142a si\u0119 w przyzwoit\u0105, aczkolwiek niezbyt oryginaln\u0105 form\u0119 architektoniczn\u0105 &#8211; pod tym wzgl\u0119dem nie wytrzymuje por\u00f3wnania z ol\u015bniewaj\u0105c\u0105 wizj\u0105 Tomasza Koniora, kt\u00f3ry zaprojektowa\u0142 gmach NOSPR z wyj\u0105tkow\u0105 dba\u0142o\u015bci\u0105 o kontekst urbanistyczny, spo\u0142eczny i historyczny nowego za\u0142o\u017cenia. Nie ma jednak co psioczy\u0107: wn\u0119trza s\u0105 w miar\u0119 funkcjonalne; czarno-bia\u0142e, u\u0142o\u017cone w &#8222;klawiatur\u0119&#8221; foyer istotnie robi wra\u017cenie; g\u0142\u00f3wna sala koncertowa, mimo \u017ce jest w stanie pomie\u015bci\u0107 ponad 1800 s\u0142uchaczy, nie przyt\u0142acza ogromem; trzy sale kameralne tworz\u0105 bardzo zr\u00f3\u017cnicowan\u0105 przestrze\u0144 do odbioru muzyki na mniejsze sk\u0142ady. O to, co najwa\u017cniejsze, czyli akustyk\u0119 sal, zatroszczy\u0142a si\u0119 nowojorska firma Artec Consultants Inc., z kt\u00f3rej rozwi\u0105zaniami mia\u0142am okazj\u0119 zapozna\u0107 si\u0119 przy okazji ameryka\u0144skiej w\u0119dr\u00f3wki w 2002 roku, wkr\u00f3tce po otwarciu Kimmel Center for the Performing Arts, obecnej siedziby Orkiestry Filadelfijskiej.<\/p>\n<p><a href=\"http:\/\/atorod.pl\/wp-content\/uploads\/2015\/09\/11064659_10152763737387854_7031494663970462353_n.jpg\"><img loading=\"lazy\" decoding=\"async\" class=\"alignnone size-medium wp-image-751\" src=\"http:\/\/atorod.pl\/wp-content\/uploads\/2015\/09\/11064659_10152763737387854_7031494663970462353_n-300x200.jpg\" alt=\"11064659_10152763737387854_7031494663970462353_n\" width=\"300\" height=\"200\" srcset=\"https:\/\/atorod.pl\/wp-content\/uploads\/2015\/09\/11064659_10152763737387854_7031494663970462353_n-300x200.jpg 300w, https:\/\/atorod.pl\/wp-content\/uploads\/2015\/09\/11064659_10152763737387854_7031494663970462353_n.jpg 800w\" sizes=\"auto, (max-width: 300px) 100vw, 300px\" \/><\/a><\/p>\n<p>Gmach NFM od strony Placu Wolno\u015bci. Fot. \u0141ukasz Rajchert.<\/p>\n<p>Za\u0142o\u017cycielem Artecu by\u0142 nie\u017cyj\u0105cy ju\u017c Russell Johnson, pensylwa\u0144ski architekt i akustyk, kt\u00f3rego Jean Nouvel, francuski kolega po fachu, nazywa\u0142 \u017cartobliwie &#8222;stra\u017cnikiem ucha&#8221;. To Russell opracowa\u0142 system umo\u017cliwiaj\u0105cy regulacj\u0119 akustyki za pomoc\u0105 ruchomych sufit\u00f3w i wisz\u0105cych paneli odbijaj\u0105cych d\u017awi\u0119k, kt\u00f3rych charakterystyczny kszta\u0142t por\u00f3wnywano z mydelniczk\u0105 lub pude\u0142kiem na buty. T\u0119 w\u0142a\u015bnie technologi\u0119, w po\u0142\u0105czeniu ze skutecznym odci\u0119ciem sal od ha\u0142as\u00f3w z zewn\u0105trz (dzi\u0119ki ta\u015bmom dylatacyjnym, izolatorom akustycznym i wibroizolatorom) zastosowano w nowym gmachu NFM. Zmiana parametr\u00f3w wn\u0119trza nie przeistoczy orkiestry zdrojowej w Concertgebouw, pozwoli jednak dostosowa\u0107 akustyk\u0119 do wykona\u0144 w nietypowych sk\u0142adach, nie wspominaj\u0105c ju\u017c o mo\u017cliwo\u015bci adiustacji brzmienia w pocz\u0105tkowym okresie funkcjonowania gmachu.<\/p>\n<p><a href=\"http:\/\/atorod.pl\/wp-content\/uploads\/2015\/09\/narodowe-forum-muzyki21.jpg\"><img loading=\"lazy\" decoding=\"async\" class=\"alignnone size-medium wp-image-752\" src=\"http:\/\/atorod.pl\/wp-content\/uploads\/2015\/09\/narodowe-forum-muzyki21-300x200.jpg\" alt=\"narodowe-forum-muzyki21\" width=\"300\" height=\"200\" srcset=\"https:\/\/atorod.pl\/wp-content\/uploads\/2015\/09\/narodowe-forum-muzyki21-300x200.jpg 300w, https:\/\/atorod.pl\/wp-content\/uploads\/2015\/09\/narodowe-forum-muzyki21.jpg 650w\" sizes=\"auto, (max-width: 300px) 100vw, 300px\" \/><\/a><\/p>\n<p>Wielka sala koncertowa tu\u017c przed &#8222;rozpakowaniem&#8221;. Fot. Janusz Krzeszowski.<\/p>\n<p>By\u0142am na trzech pierwszych koncertach w nowo udost\u0119pnionej sali i mia\u0142am okazj\u0119 przekona\u0107 si\u0119, jak sobie w tych warunkach radz\u0105 muzycy nawykli do innych wroc\u0142awskich przestrzeni. Akustyka wielkiej sali NFM jest do\u015b\u0107 bezlitosna: bardzo selektywna, ale zarazem ciep\u0142a, okr\u0105g\u0142a, pozwalaj\u0105ca pe\u0142niej i d\u0142u\u017cej wybrzmie\u0107 wszystkim alikwotom. Niczego d\u017awi\u0119kowi nie ujmuje, ale te\u017c nic mu nie dodaje, skutkiem czego niekt\u00f3re zespo\u0142y, mi\u0119dzy innymi Ch\u00f3r NFM, musz\u0105 si\u0119 jeszcze w niej &#8222;odnale\u017a\u0107&#8221; i zniwelowa\u0107 nies\u0142yszalne dot\u0105d dysproporcje brzmienia. Wszystko si\u0119 dotrze, nie mam co do tego w\u0105tpliwo\u015bci. \u015awiadczy o tym cho\u0107by <em>Symfonia koncertuj\u0105ca <\/em>Szymanowskiego w rewelacyjnym uj\u0119ciu Piotra Anderszewskiego i Orkiestry NFM pod batut\u0105 Jacka Kaspszyka, w kt\u00f3rym fortepian wreszcie wtopi\u0142 si\u0119 w reszt\u0119 faktury i je\u015bli czego\u015b zabrak\u0142o, to jedynie rozpasanego \u017cywio\u0142u oberka w ostatniej cz\u0119\u015bci. \u015awiadcz\u0105 o tym nios\u0105ce si\u0119 pi\u0119knie, niewysilone g\u0142osy solist\u00f3w w <em>Wierchach <\/em>Malawskiego, zw\u0142aszcza niezawodnego sopranu Iwony Hossy i lirycznego, jakby &#8222;przydymionego&#8221; bas-barytonu Jaros\u0142awa Br\u0119ka. \u015awiadczy o tym pe\u0142ne kontrast\u00f3w i napi\u0119\u0107 oraz potyczek harmonii z enharmoni\u0105 <em>Adagio <\/em>z <em>IX Symfonii <\/em>Mahlera &#8211; w interpretacji Filharmonik\u00f3w Izraelskich pod dyrekcj\u0105 Zubina Mehty, poza ostatni\u0105 cz\u0119\u015bci\u0105 zupe\u0142nie nieprzekonuj\u0105cej, nie spos\u00f3b jednak przeceni\u0107 brzmienia tego zespo\u0142u, zw\u0142aszcza w dolnych instrumentach kwintetu.<\/p>\n<p><a href=\"http:\/\/atorod.pl\/wp-content\/uploads\/2015\/09\/11952946_10152979582992854_6335301264712728251_o.jpg\"><img loading=\"lazy\" decoding=\"async\" class=\"alignnone size-medium wp-image-753\" src=\"http:\/\/atorod.pl\/wp-content\/uploads\/2015\/09\/11952946_10152979582992854_6335301264712728251_o-300x200.jpg\" alt=\"11952946_10152979582992854_6335301264712728251_o\" width=\"300\" height=\"200\" srcset=\"https:\/\/atorod.pl\/wp-content\/uploads\/2015\/09\/11952946_10152979582992854_6335301264712728251_o-300x200.jpg 300w, https:\/\/atorod.pl\/wp-content\/uploads\/2015\/09\/11952946_10152979582992854_6335301264712728251_o-1024x683.jpg 1024w, https:\/\/atorod.pl\/wp-content\/uploads\/2015\/09\/11952946_10152979582992854_6335301264712728251_o.jpg 1920w\" sizes=\"auto, (max-width: 300px) 100vw, 300px\" \/><\/a><\/p>\n<p>Widownia z poziomu II balkonu. Fot. \u0141ukasz Rajchert.<\/p>\n<p>Nie mog\u0119 por\u00f3wnywa\u0107 akustyki sali NFM z bajeczn\u0105 pono\u0107 akustyk\u0105 nowego gmachu NOSPR, kt\u00f3r\u0105 poznam dopiero w listopadzie. Mog\u0119 j\u0105 wszak\u017ce por\u00f3wna\u0107 z kilkoma spo\u015br\u00f3d najlepszych sal koncertowych na \u015bwiecie i o\u015bwiadczam z ca\u0142\u0105 moc\u0105, \u017ce na tym tle broni si\u0119 znakomicie. Lada dzie\u0144 ruszam do Berlina na m\u00f3j ulubiony MusikFest, gdzie w legendarnej wielkiej sali Filharmonik\u00f3w Berli\u0144skich ka\u017cdy zesp\u00f3\u0142 brzmi ca\u0142kiem inaczej. W r\u00f3\u017cno\u015bci si\u0142a. Oby w r\u00f3\u017cnorodno\u015bci przestrzeni akustycznych, jak\u0105 zapewnia wyj\u0105tkowa technologia Artecu, zamanifestowa\u0142a si\u0119 w pe\u0142nej krasie. Na to licz\u0119 przy okazji kolejnych Wratislavii, tego \u017cycz\u0119 zespo\u0142om NFM i jej go\u015bciom w nadchodz\u0105cym sezonie.<\/p>\n","protected":false},"excerpt":{"rendered":"<p>No to si\u0119 doczekali\u015bmy. Kilkana\u015bcie lat temu niekt\u00f3rzy z nas podrwiwali sobie, \u017ce pomys\u0142 wzniesienia Narodowego Forum Muzyki we Wroc\u0142awiu przypomina S\u0119dziowskie &#8222;Ja z synowcem na czele, i &#8211; jako\u015b to b\u0119dzie&#8221; z Pana Tadeusza. Istotnie, spodziewane i niespodziewane trudno\u015bci zdawa\u0142y si\u0119 pi\u0119trzy\u0107 w niesko\u0144czono\u015b\u0107. O ile k\u0142opoty konstrukcyjne zwi\u0105zane z blisko\u015bci\u0105 Fosy Miejskiej i &#8230; <span class=\"more\"><a class=\"more-link\" href=\"https:\/\/atorod.pl\/?p=748\">[Read more&#8230;]<\/a><\/span><\/p>\n","protected":false},"author":2,"featured_media":0,"comment_status":"open","ping_status":"open","sticky":false,"template":"","format":"standard","meta":{"footnotes":""},"categories":[7],"tags":[],"class_list":{"0":"entry","1":"post","2":"publish","3":"author-mangusta","4":"post-748","6":"format-standard","7":"category-wedrowki-operowe"},"_links":{"self":[{"href":"https:\/\/atorod.pl\/index.php?rest_route=\/wp\/v2\/posts\/748","targetHints":{"allow":["GET"]}}],"collection":[{"href":"https:\/\/atorod.pl\/index.php?rest_route=\/wp\/v2\/posts"}],"about":[{"href":"https:\/\/atorod.pl\/index.php?rest_route=\/wp\/v2\/types\/post"}],"author":[{"embeddable":true,"href":"https:\/\/atorod.pl\/index.php?rest_route=\/wp\/v2\/users\/2"}],"replies":[{"embeddable":true,"href":"https:\/\/atorod.pl\/index.php?rest_route=%2Fwp%2Fv2%2Fcomments&post=748"}],"version-history":[{"count":6,"href":"https:\/\/atorod.pl\/index.php?rest_route=\/wp\/v2\/posts\/748\/revisions"}],"predecessor-version":[{"id":758,"href":"https:\/\/atorod.pl\/index.php?rest_route=\/wp\/v2\/posts\/748\/revisions\/758"}],"wp:attachment":[{"href":"https:\/\/atorod.pl\/index.php?rest_route=%2Fwp%2Fv2%2Fmedia&parent=748"}],"wp:term":[{"taxonomy":"category","embeddable":true,"href":"https:\/\/atorod.pl\/index.php?rest_route=%2Fwp%2Fv2%2Fcategories&post=748"},{"taxonomy":"post_tag","embeddable":true,"href":"https:\/\/atorod.pl\/index.php?rest_route=%2Fwp%2Fv2%2Ftags&post=748"}],"curies":[{"name":"wp","href":"https:\/\/api.w.org\/{rel}","templated":true}]}}