{"id":760,"date":"2015-09-16T14:24:14","date_gmt":"2015-09-16T12:24:14","guid":{"rendered":"http:\/\/atorod.pl\/?p=760"},"modified":"2015-09-17T15:18:40","modified_gmt":"2015-09-17T13:18:40","slug":"piesn-bez-spiewakow","status":"publish","type":"post","link":"https:\/\/atorod.pl\/?p=760","title":{"rendered":"Pie\u015b\u0144 bez \u015bpiewak\u00f3w"},"content":{"rendered":"<p>Upi\u00f3r zdaje kr\u00f3ciutki raport po pierwszym dniu w Berlinie, gdzie 15 wrze\u015bnia, w ramach MusikFest, wyst\u0105pi\u0142a szwedzka Radi\u00f3wka pod batut\u0105 Daniela Hardinga, mi\u0119dzy innymi w <em>Pie\u015bni o ziemi<\/em>. Harding jest poniek\u0105d dyrygenckim Wunderkindem: wci\u0105\u017c dzier\u017cy palm\u0119 pierwsze\u0144stwa jako najm\u0142odszy kapelmistrz debiutuj\u0105cy na londy\u0144skich Promsach (w 1996 mia\u0142 zaledwie 21 lat). Niedawno przekroczy\u0142 czterdziestk\u0119, co akurat w tym fachu nie uchodzi za wiek szczeg\u00f3lnie zaawansowany. W ostatnich latach musia\u0142 jednak okrzepn\u0105\u0107, bo w sali Filharmonii Berli\u0144skiej dzia\u0142y si\u0119 wczoraj rzeczy bardzo ciekawe.<\/p>\n<p>Harding nadal jest &#8222;wyrywny&#8221; i za wszelk\u0105 cen\u0119 pr\u00f3buje odrze\u0107 Mahlera z rzekomej rozlewno\u015bci i sentymentalizmu. Do tej pory odbywa\u0142o si\u0119 to kosztem wewn\u0119trznej logiki narracji muzycznej, a niestety cz\u0119sto tak\u017ce i barwy. Tym razem Szwedzi grali zdyscyplinowanie i bardzo pi\u0119knym d\u017awi\u0119kiem, Harding za\u015b poszed\u0142 jeszcze krok dalej ni\u017c Boulez i &#8222;prze\u015bwietli\u0142&#8221; t\u0119 konstrukcj\u0119 niemal na wskro\u015b, przyoblekaj\u0105c Mahlerowski smutek w ch\u0142odn\u0105, \u015bci\u0119t\u0105 lodem szat\u0119, jakby po\u017cyczon\u0105 od Sibeliusa. Tak, wiem, Sibeliusowi z Mahlerem po drodze nie by\u0142o, niemniej w interludium orkiestrowym przed trzecim cz\u0142onem <em>Abschied<\/em> zdarzy\u0142o mi si\u0119 kilkakro\u0107 zapomnie\u0107 o oddychaniu.<\/p>\n<p>Niepokoi mnie jednak, \u017ce Harding wci\u0105\u017c nie umie dobiera\u0107 solist\u00f3w. W <em>Pie\u015bni o ziemi <\/em>zaliczy\u0142 ju\u017c wcze\u015bniej kilka pot\u0119\u017cnych wpadek obsadowych. Tym razem zn\u00f3w &#8222;po\u017cyczy\u0142&#8221; sobie tenora od Bouleza: c\u00f3\u017c, kiedy Michael Schade ju\u017c w s\u0142ynnym nagraniu brzmia\u0142 ca\u0142kiem nieprzekonuj\u0105co, \u015bpiewaj\u0105c swoje pie\u015bni z zapa\u0142em uczniaka, za to g\u0142osem zupe\u0142nie nie z tej bajki i raczej obok tekstu pod wzgl\u0119dem wyrazowym. Wczoraj by\u0142o na domiar nier\u00f3wno, nieczysto, dukan\u0105 fraz\u0105 i falsetem w g\u00f3rze. Nieco lepiej wypad\u0142a Anna Larsson, ale g\u0142os ma ju\u017c te\u017c mocno wyeksploatowany, poza tym z natury zbyt du\u017cy i ciemny do tak pomy\u015blanej interpretacji. Trzeba jednak przyzna\u0107, \u017ce w ostatniej pie\u015bni uda\u0142o jej si\u0119 opanowa\u0107 wibrato i troch\u0119 &#8222;zaokr\u0105gli\u0107&#8221; barw\u0119 tego pi\u0119knego, lecz zmatowia\u0142ego ze zm\u0119czenia altu.<\/p>\n<p>Dziwne uczucie: w arcydziele, kt\u00f3re g\u0142osami stoi, zachwyci\u0107 si\u0119 przede wszystkim orkiestr\u0105. Potraktuj\u0119 to jako kolejny etap rozwoju wra\u017cliwo\u015bci muzycznej Hardinga i b\u0119d\u0119 go odt\u0105d uwa\u017cniej obserwowa\u0107.<\/p>\n<p>&nbsp;<\/p>\n<p><a href=\"http:\/\/atorod.pl\/wp-content\/uploads\/2015\/09\/05_Daniel-Harding-Filarmonica-foto-Silvia-Lelli-2-k2mE-1200x900@Quotidiano_Inside_Italy-Web.jpg\"><img loading=\"lazy\" decoding=\"async\" class=\"alignnone size-medium wp-image-761\" src=\"http:\/\/atorod.pl\/wp-content\/uploads\/2015\/09\/05_Daniel-Harding-Filarmonica-foto-Silvia-Lelli-2-k2mE-1200x900@Quotidiano_Inside_Italy-Web-300x224.jpg\" alt=\"05_Daniel Harding Filarmonica foto Silvia Lelli 2-k2mE--1200x900@Quotidiano_Inside_Italy-Web\" width=\"300\" height=\"224\" srcset=\"https:\/\/atorod.pl\/wp-content\/uploads\/2015\/09\/05_Daniel-Harding-Filarmonica-foto-Silvia-Lelli-2-k2mE-1200x900@Quotidiano_Inside_Italy-Web-300x224.jpg 300w, https:\/\/atorod.pl\/wp-content\/uploads\/2015\/09\/05_Daniel-Harding-Filarmonica-foto-Silvia-Lelli-2-k2mE-1200x900@Quotidiano_Inside_Italy-Web-1024x765.jpg 1024w, https:\/\/atorod.pl\/wp-content\/uploads\/2015\/09\/05_Daniel-Harding-Filarmonica-foto-Silvia-Lelli-2-k2mE-1200x900@Quotidiano_Inside_Italy-Web.jpg 1200w\" sizes=\"auto, (max-width: 300px) 100vw, 300px\" \/><\/a><\/p>\n<p>Fot. Silvia Lelli.<\/p>\n","protected":false},"excerpt":{"rendered":"<p>Upi\u00f3r zdaje kr\u00f3ciutki raport po pierwszym dniu w Berlinie, gdzie 15 wrze\u015bnia, w ramach MusikFest, wyst\u0105pi\u0142a szwedzka Radi\u00f3wka pod batut\u0105 Daniela Hardinga, mi\u0119dzy innymi w Pie\u015bni o ziemi. Harding jest poniek\u0105d dyrygenckim Wunderkindem: wci\u0105\u017c dzier\u017cy palm\u0119 pierwsze\u0144stwa jako najm\u0142odszy kapelmistrz debiutuj\u0105cy na londy\u0144skich Promsach (w 1996 mia\u0142 zaledwie 21 lat). Niedawno przekroczy\u0142 czterdziestk\u0119, co akurat &#8230; <span class=\"more\"><a class=\"more-link\" href=\"https:\/\/atorod.pl\/?p=760\">[Read more&#8230;]<\/a><\/span><\/p>\n","protected":false},"author":2,"featured_media":0,"comment_status":"open","ping_status":"open","sticky":false,"template":"","format":"standard","meta":{"footnotes":""},"categories":[7],"tags":[],"class_list":{"0":"entry","1":"post","2":"publish","3":"author-mangusta","4":"post-760","6":"format-standard","7":"category-wedrowki-operowe"},"_links":{"self":[{"href":"https:\/\/atorod.pl\/index.php?rest_route=\/wp\/v2\/posts\/760","targetHints":{"allow":["GET"]}}],"collection":[{"href":"https:\/\/atorod.pl\/index.php?rest_route=\/wp\/v2\/posts"}],"about":[{"href":"https:\/\/atorod.pl\/index.php?rest_route=\/wp\/v2\/types\/post"}],"author":[{"embeddable":true,"href":"https:\/\/atorod.pl\/index.php?rest_route=\/wp\/v2\/users\/2"}],"replies":[{"embeddable":true,"href":"https:\/\/atorod.pl\/index.php?rest_route=%2Fwp%2Fv2%2Fcomments&post=760"}],"version-history":[{"count":3,"href":"https:\/\/atorod.pl\/index.php?rest_route=\/wp\/v2\/posts\/760\/revisions"}],"predecessor-version":[{"id":764,"href":"https:\/\/atorod.pl\/index.php?rest_route=\/wp\/v2\/posts\/760\/revisions\/764"}],"wp:attachment":[{"href":"https:\/\/atorod.pl\/index.php?rest_route=%2Fwp%2Fv2%2Fmedia&parent=760"}],"wp:term":[{"taxonomy":"category","embeddable":true,"href":"https:\/\/atorod.pl\/index.php?rest_route=%2Fwp%2Fv2%2Fcategories&post=760"},{"taxonomy":"post_tag","embeddable":true,"href":"https:\/\/atorod.pl\/index.php?rest_route=%2Fwp%2Fv2%2Ftags&post=760"}],"curies":[{"name":"wp","href":"https:\/\/api.w.org\/{rel}","templated":true}]}}