{"id":777,"date":"2015-09-23T19:10:04","date_gmt":"2015-09-23T17:10:04","guid":{"rendered":"http:\/\/atorod.pl\/?p=777"},"modified":"2015-09-23T19:18:29","modified_gmt":"2015-09-23T17:18:29","slug":"mahler-na-trzy-sposoby","status":"publish","type":"post","link":"https:\/\/atorod.pl\/?p=777","title":{"rendered":"Mahler na trzy sposoby"},"content":{"rendered":"<p>Na tegorocznym MusikFest w Berlinie muzyka Mahlera zabrzmia\u0142a na sze\u015bciu koncertach. Boston Symphony Orchestra pod batut\u0105 swojego szefa Andrisa Nelsonsa, kt\u00f3remu w\u0142a\u015bnie przed\u0142u\u017cono kontrakt a\u017c do 2022 roku, przedstawi\u0142a 5 wrze\u015bnia <em>VI Symfoni\u0119<\/em>. Nazajutrz Konzerthausorchester Berlin pod dyrekcj\u0105 Iv\u00e1na Fischera zagra\u0142a <em>Si\u00f3dm\u0105<\/em>, zestawion\u0105 z <em>Sonnets de Louise Lab\u00e9\u00a0<\/em>Marc-Andr\u00e9 Dalbavie (z Philippem Jarousskym w partii solowej). Sz\u00f3stego wrze\u015bnia wyst\u0105pili Filharmonicy Izraelscy pod Zubinem Meht\u0105 &#8211; z <em>IX Symfoni\u0105<\/em> (kt\u00f3r\u0105 nast\u0119pnego dnia powt\u00f3rzyli w nowej sali NFM we Wroc\u0142awiu) oraz\u00a0<em>Kammersymphonie <\/em>Sch\u00f6nberga. Upi\u00f3r wybra\u0142 si\u0119 tydzie\u0144 p\u00f3\u017aniej na kolejne trzy wieczory, ciekaw solist\u00f3w w Mahlerowskich kompozycjach na g\u0142osy i orkiestr\u0119. O koncercie pod batut\u0105 Hardinga donosi\u0142am ju\u017c kilka dni temu. Na \u0142amach najnowszego &#8222;Tygodnika Powszechnego&#8221; kr\u00f3tkie podsumowanie pozosta\u0142ych wra\u017ce\u0144.<\/p>\n<p><a href=\"https:\/\/www.tygodnikpowszechny.pl\/mahler-na-trzy-sposoby-30234\">Mahler na trzy sposoby<\/a><\/p>\n","protected":false},"excerpt":{"rendered":"<p>Na tegorocznym MusikFest w Berlinie muzyka Mahlera zabrzmia\u0142a na sze\u015bciu koncertach. Boston Symphony Orchestra pod batut\u0105 swojego szefa Andrisa Nelsonsa, kt\u00f3remu w\u0142a\u015bnie przed\u0142u\u017cono kontrakt a\u017c do 2022 roku, przedstawi\u0142a 5 wrze\u015bnia VI Symfoni\u0119. Nazajutrz Konzerthausorchester Berlin pod dyrekcj\u0105 Iv\u00e1na Fischera zagra\u0142a Si\u00f3dm\u0105, zestawion\u0105 z Sonnets de Louise Lab\u00e9\u00a0Marc-Andr\u00e9 Dalbavie (z Philippem Jarousskym w partii solowej). &#8230; <span class=\"more\"><a class=\"more-link\" href=\"https:\/\/atorod.pl\/?p=777\">[Read more&#8230;]<\/a><\/span><\/p>\n","protected":false},"author":2,"featured_media":0,"comment_status":"open","ping_status":"open","sticky":false,"template":"","format":"standard","meta":{"footnotes":""},"categories":[9],"tags":[],"class_list":{"0":"entry","1":"post","2":"publish","3":"author-mangusta","4":"post-777","6":"format-standard","7":"category-prasowka"},"_links":{"self":[{"href":"https:\/\/atorod.pl\/index.php?rest_route=\/wp\/v2\/posts\/777","targetHints":{"allow":["GET"]}}],"collection":[{"href":"https:\/\/atorod.pl\/index.php?rest_route=\/wp\/v2\/posts"}],"about":[{"href":"https:\/\/atorod.pl\/index.php?rest_route=\/wp\/v2\/types\/post"}],"author":[{"embeddable":true,"href":"https:\/\/atorod.pl\/index.php?rest_route=\/wp\/v2\/users\/2"}],"replies":[{"embeddable":true,"href":"https:\/\/atorod.pl\/index.php?rest_route=%2Fwp%2Fv2%2Fcomments&post=777"}],"version-history":[{"count":2,"href":"https:\/\/atorod.pl\/index.php?rest_route=\/wp\/v2\/posts\/777\/revisions"}],"predecessor-version":[{"id":779,"href":"https:\/\/atorod.pl\/index.php?rest_route=\/wp\/v2\/posts\/777\/revisions\/779"}],"wp:attachment":[{"href":"https:\/\/atorod.pl\/index.php?rest_route=%2Fwp%2Fv2%2Fmedia&parent=777"}],"wp:term":[{"taxonomy":"category","embeddable":true,"href":"https:\/\/atorod.pl\/index.php?rest_route=%2Fwp%2Fv2%2Fcategories&post=777"},{"taxonomy":"post_tag","embeddable":true,"href":"https:\/\/atorod.pl\/index.php?rest_route=%2Fwp%2Fv2%2Ftags&post=777"}],"curies":[{"name":"wp","href":"https:\/\/api.w.org\/{rel}","templated":true}]}}