{"id":832,"date":"2015-10-23T22:32:48","date_gmt":"2015-10-23T20:32:48","guid":{"rendered":"http:\/\/atorod.pl\/?p=832"},"modified":"2015-10-23T22:45:39","modified_gmt":"2015-10-23T20:45:39","slug":"nadchodzi-koryfeusz","status":"publish","type":"post","link":"https:\/\/atorod.pl\/?p=832","title":{"rendered":"Nadchodzi Koryfeusz"},"content":{"rendered":"<p>Upi\u00f3r podsumowuje sam, \u015bledzi te\u017c inne podsumowania. Ju\u017c wkr\u00f3tce, 11 listopada, w warszawskim Studiu Koncertowym PR im. Witolda Lutos\u0142awskiego, po raz pi\u0105ty odb\u0119dzie si\u0119 uroczysto\u015b\u0107 wr\u0119czenia nagr\u00f3d Koryfeusz Muzyki Polskiej. Laureaci odbior\u0105 wyr\u00f3\u017cnienia w kategoriach Osobowo\u015b\u0107 Roku i Wydarzenie Roku oraz Nagrod\u0119 Honorow\u0105. Nie b\u0119dziemy w tym miejscu przytacza\u0107 pe\u0142nej listy nominowanych muzyk\u00f3w i wydarze\u0144 z muzyk\u0105 zwi\u0105zanych (wszelkie informacje mo\u017cna znale\u017a\u0107 na stronie www.koryfeusz.org.pl), wspomnimy tylko, \u017ce z naszej &#8222;bran\u017cy&#8221; uhonorowano kompozytor\u00f3w Paw\u0142a Mykietyna i Marcina Sta\u0144czyka oraz szefow\u0105 Zespo\u0142u \u015apiewak\u00f3w Miasta Katowice &#8222;Camerata Silesia&#8221; Ann\u0119 Szostak-Myrczek (w kategorii Osobowo\u015b\u0107 Roku), a tak\u017ce koncert i p\u0142yt\u0119 <em>Requiem ludowe<\/em> Adama Struga i zespo\u0142u Kwadrofonik; Festiwal Otwarcia nowej siedziby NOSPR; <em>Agrypin\u0119<\/em> H<span class=\"st\">\u00e4<\/span>ndla w Teatrze Stanis\u0142awowskim w \u0141azienkach Kr\u00f3lewskich w Warszawie, w re\u017cyserii Natalii Koz\u0142owskiej, zrealizowan\u0105 si\u0142ami Stowarzyszenia Mi\u0142o\u015bnik\u00f3w Sztuki Barokowej \u201eDramma per musica\u201d; oraz <em>Jolant\u0119 <\/em>Czajkowskiego i <em>Zamek Sinobrodego <\/em>Bart\u00f3ka w re\u017cyserii Mariusza Treli\u0144skiego, wystawione w koprodukcji TW-ON\/MET (w kategorii Wydarzenie Roku). Nazwisko laureata Nagrody Honorowej poznamy dopiero na uroczysto\u015bci. Upi\u00f3r szcz\u0119\u015bliwie nie mia\u0142 nic do gadania ani w sprawie nominacji, ani tym bardziej nagr\u00f3d, mo\u017ce wi\u0119c kibicowa\u0107 albo i nie kibicowa\u0107, komu tylko zechce. I w zwi\u0105zku z tym proponuje ma\u0142y remanent:<\/p>\n<p>O prapremierze <em>Czarodziejskiej g\u00f3ry <\/em>Paw\u0142a Mykietyna pisa\u0142am w pa\u017adziernikowym numerze &#8222;Teatru&#8221;:<\/p>\n<p><a href=\"http:\/\/www.teatr-pismo.pl\/przestrzenie-teatru\/1255\/w_zakrzywionej_czasoprzestrzeni\/\">W zakrzywionej czasoprzestrzeni<\/a><\/p>\n<p>O drugiej ods\u0142onie <em>Projektu P<\/em> w TW-ON, a w jej ramach tak\u017ce o <em>Solarize <\/em>Marcina Sta\u0144czyka, w &#8222;Tygodniku Powszechnym&#8221; z 5 maja 2014 roku:<\/p>\n<p><a href=\"https:\/\/www.tygodnikpowszechny.pl\/sprzedani-narzeczeni-22766\">Sprzedani narzeczeni<\/a><\/p>\n<p>O <em>Agrypinie <\/em>H<span class=\"st\">\u00e4<\/span>ndla w &#8222;Tygodniku Powszechnym&#8221; z 15 wrze\u015bnia 2014 roku:<\/p>\n<p><a href=\"https:\/\/www.tygodnikpowszechny.pl\/agrypina-za-trzy-grosze-24151\">Agrypina za trzy grosze<\/a><\/p>\n<p>O <em>Zamku Sinobrodego<\/em>, czyli o czym naprawd\u0119 jest ta opera, w programie transmisji z MET w Filharmonii \u0141\u00f3dzkiej 14 lutego 2015 roku, w szkicu zamieszczonym tak\u017ce na tej stronie:<\/p>\n<p><a href=\"http:\/\/atorod.pl\/?p=324\">Kochaj mnie i milcz<\/a><\/p>\n<p>Prosz\u0119 trzyma\u0107 kciuki za wszystkich nominowanych i kibicowa\u0107, komu dusza zapragnie. Przypomn\u0119 tylko, \u017ce organizatorem nagrody Koryfeusz jest Instytut Muzyki i Ta\u0144ca, a fundatorami wyr\u00f3\u017cnie\u0144 &#8211; Stowarzyszenie Autor\u00f3w ZAiKS oraz Zwi\u0105zek Artyst\u00f3w Wykonawc\u00f3w STOART. Internetowa transmisja uroczysto\u015bci 11 listopada o 19.00, na stronie www.koryfeusz.org.pl.<\/p>\n<p>&nbsp;<\/p>\n","protected":false},"excerpt":{"rendered":"<p>Upi\u00f3r podsumowuje sam, \u015bledzi te\u017c inne podsumowania. Ju\u017c wkr\u00f3tce, 11 listopada, w warszawskim Studiu Koncertowym PR im. Witolda Lutos\u0142awskiego, po raz pi\u0105ty odb\u0119dzie si\u0119 uroczysto\u015b\u0107 wr\u0119czenia nagr\u00f3d Koryfeusz Muzyki Polskiej. Laureaci odbior\u0105 wyr\u00f3\u017cnienia w kategoriach Osobowo\u015b\u0107 Roku i Wydarzenie Roku oraz Nagrod\u0119 Honorow\u0105. Nie b\u0119dziemy w tym miejscu przytacza\u0107 pe\u0142nej listy nominowanych muzyk\u00f3w i wydarze\u0144 &#8230; <span class=\"more\"><a class=\"more-link\" href=\"https:\/\/atorod.pl\/?p=832\">[Read more&#8230;]<\/a><\/span><\/p>\n","protected":false},"author":2,"featured_media":0,"comment_status":"open","ping_status":"open","sticky":false,"template":"","format":"standard","meta":{"footnotes":""},"categories":[8],"tags":[],"class_list":{"0":"entry","1":"post","2":"publish","3":"author-mangusta","4":"post-832","6":"format-standard","7":"category-miscellanea"},"_links":{"self":[{"href":"https:\/\/atorod.pl\/index.php?rest_route=\/wp\/v2\/posts\/832","targetHints":{"allow":["GET"]}}],"collection":[{"href":"https:\/\/atorod.pl\/index.php?rest_route=\/wp\/v2\/posts"}],"about":[{"href":"https:\/\/atorod.pl\/index.php?rest_route=\/wp\/v2\/types\/post"}],"author":[{"embeddable":true,"href":"https:\/\/atorod.pl\/index.php?rest_route=\/wp\/v2\/users\/2"}],"replies":[{"embeddable":true,"href":"https:\/\/atorod.pl\/index.php?rest_route=%2Fwp%2Fv2%2Fcomments&post=832"}],"version-history":[{"count":6,"href":"https:\/\/atorod.pl\/index.php?rest_route=\/wp\/v2\/posts\/832\/revisions"}],"predecessor-version":[{"id":838,"href":"https:\/\/atorod.pl\/index.php?rest_route=\/wp\/v2\/posts\/832\/revisions\/838"}],"wp:attachment":[{"href":"https:\/\/atorod.pl\/index.php?rest_route=%2Fwp%2Fv2%2Fmedia&parent=832"}],"wp:term":[{"taxonomy":"category","embeddable":true,"href":"https:\/\/atorod.pl\/index.php?rest_route=%2Fwp%2Fv2%2Fcategories&post=832"},{"taxonomy":"post_tag","embeddable":true,"href":"https:\/\/atorod.pl\/index.php?rest_route=%2Fwp%2Fv2%2Ftags&post=832"}],"curies":[{"name":"wp","href":"https:\/\/api.w.org\/{rel}","templated":true}]}}