{"id":8843,"date":"2025-05-17T14:51:53","date_gmt":"2025-05-17T12:51:53","guid":{"rendered":"https:\/\/atorod.pl\/?p=8843"},"modified":"2025-05-19T22:25:09","modified_gmt":"2025-05-19T20:25:09","slug":"stark-ruft-das-lied","status":"publish","type":"post","link":"https:\/\/atorod.pl\/?p=8843","title":{"rendered":"Stark ruft das Lied"},"content":{"rendered":"<p>Na wie\u015b\u0107 o \u015bmierci Jadwigi Rapp\u00e9 zabrak\u0142o mi s\u0142\u00f3w. Teraz powoli je odzyskuj\u0119, ale musz\u0119 o nie zadba\u0107, \u017ceby zn\u00f3w mi nie uciek\u0142y &#8211; przed audycj\u0105 Magdaleny \u0141o\u015b i Marcina Majchrowskiego, o 17.00 w radiowej Dw\u00f3jce. Jedn\u0105 z najwybitniejszych \u015bpiewaczek epoki b\u0119d\u0105 dzi\u015b wspomina\u0107 arty\u015bci i przyjaciele. B\u0119d\u0119 w studiu z Magd\u0105 i Marcinem. Mo\u017ce uda mi si\u0119 zebra\u0107 my\u015bli i powiedzie\u0107 co\u015b sensownego o osobie, kt\u00f3ra wspiera\u0142a mnie od pocz\u0105tku mojej niezale\u017cnej drogi. Jadziu, chwali\u0142a\u015b mnie cz\u0119sto na wyrost, podnosi\u0142a\u015b na duchu babsk\u0105 gadk\u0105, ale jedyne wspomnienie, jakie chodzi mi dzisiaj po g\u0142owie, to noc, kiedy w drodze z Krakowa do Katowic z gadulstwa przegapi\u0142y\u015bmy zjazd z autostrady i do ko\u0144ca nad\u0142o\u017conej trasy chichota\u0142y\u015bmy jak trzy trzpiotowate nastolatki (w czyim towarzystwie, nie wspomn\u0119, bo jestem przes\u0105dna). Tak\u0105 Ci\u0119 zapami\u0119tam &#8211; wiecznie m\u0142od\u0105, jak na zdj\u0119ciu z czas\u00f3w, kiedy Ci\u0119 jeszcze nie zna\u0142am. \u015apij spokojnie. Jeszcze kiedy\u015b si\u0119 po\u015bmiejemy.<\/p>\n<p><a href=\"https:\/\/atorod.pl\/wp-content\/uploads\/2025\/05\/csm_OPERA_JADWIGA_RAPPE_A_0201_FO_0201_d58dcfd557.jpg\"><img loading=\"lazy\" decoding=\"async\" class=\"alignnone size-medium wp-image-8844\" src=\"https:\/\/atorod.pl\/wp-content\/uploads\/2025\/05\/csm_OPERA_JADWIGA_RAPPE_A_0201_FO_0201_d58dcfd557-259x300.jpg\" alt=\"\" width=\"259\" height=\"300\" srcset=\"https:\/\/atorod.pl\/wp-content\/uploads\/2025\/05\/csm_OPERA_JADWIGA_RAPPE_A_0201_FO_0201_d58dcfd557-259x300.jpg 259w, https:\/\/atorod.pl\/wp-content\/uploads\/2025\/05\/csm_OPERA_JADWIGA_RAPPE_A_0201_FO_0201_d58dcfd557-883x1024.jpg 883w, https:\/\/atorod.pl\/wp-content\/uploads\/2025\/05\/csm_OPERA_JADWIGA_RAPPE_A_0201_FO_0201_d58dcfd557-768x891.jpg 768w, https:\/\/atorod.pl\/wp-content\/uploads\/2025\/05\/csm_OPERA_JADWIGA_RAPPE_A_0201_FO_0201_d58dcfd557.jpg 931w\" sizes=\"auto, (max-width: 259px) 100vw, 259px\" \/><\/a><\/p>\n<p>Fot. Leon Myszkowski<\/p>\n<p><a href=\"https:\/\/podcasty.polskieradio.pl\/dwojka\/audycje\/audycja-okolicznosciowa,5661\/odcinek\/bliscy-i-ludzie-muzyki-wspominaja-jadwige-rappe-prowadzi-magdalena-los-i-marcin-majchrowski,6d37018a-65d9-4e8a-afd8-5076ffc993e9\">https:\/\/podcasty.polskieradio.pl\/dwojka\/audycje\/audycja-okolicznosciowa,5661\/odcinek\/bliscy-i-ludzie-muzyki-wspominaja-jadwige-rappe-prowadzi-magdalena-los-i-marcin-majchrowski,6d37018a-65d9-4e8a-afd8-5076ffc993e9<\/a><\/p>\n","protected":false},"excerpt":{"rendered":"<p>Na wie\u015b\u0107 o \u015bmierci Jadwigi Rapp\u00e9 zabrak\u0142o mi s\u0142\u00f3w. Teraz powoli je odzyskuj\u0119, ale musz\u0119 o nie zadba\u0107, \u017ceby zn\u00f3w mi nie uciek\u0142y &#8211; przed audycj\u0105 Magdaleny \u0141o\u015b i Marcina Majchrowskiego, o 17.00 w radiowej Dw\u00f3jce. Jedn\u0105 z najwybitniejszych \u015bpiewaczek epoki b\u0119d\u0105 dzi\u015b wspomina\u0107 arty\u015bci i przyjaciele. B\u0119d\u0119 w studiu z Magd\u0105 i Marcinem. Mo\u017ce &#8230; <span class=\"more\"><a class=\"more-link\" href=\"https:\/\/atorod.pl\/?p=8843\">[Read more&#8230;]<\/a><\/span><\/p>\n","protected":false},"author":2,"featured_media":0,"comment_status":"open","ping_status":"open","sticky":false,"template":"","format":"standard","meta":{"footnotes":""},"categories":[8],"tags":[],"class_list":{"0":"entry","1":"post","2":"publish","3":"author-mangusta","4":"post-8843","6":"format-standard","7":"category-miscellanea"},"_links":{"self":[{"href":"https:\/\/atorod.pl\/index.php?rest_route=\/wp\/v2\/posts\/8843","targetHints":{"allow":["GET"]}}],"collection":[{"href":"https:\/\/atorod.pl\/index.php?rest_route=\/wp\/v2\/posts"}],"about":[{"href":"https:\/\/atorod.pl\/index.php?rest_route=\/wp\/v2\/types\/post"}],"author":[{"embeddable":true,"href":"https:\/\/atorod.pl\/index.php?rest_route=\/wp\/v2\/users\/2"}],"replies":[{"embeddable":true,"href":"https:\/\/atorod.pl\/index.php?rest_route=%2Fwp%2Fv2%2Fcomments&post=8843"}],"version-history":[{"count":4,"href":"https:\/\/atorod.pl\/index.php?rest_route=\/wp\/v2\/posts\/8843\/revisions"}],"predecessor-version":[{"id":8848,"href":"https:\/\/atorod.pl\/index.php?rest_route=\/wp\/v2\/posts\/8843\/revisions\/8848"}],"wp:attachment":[{"href":"https:\/\/atorod.pl\/index.php?rest_route=%2Fwp%2Fv2%2Fmedia&parent=8843"}],"wp:term":[{"taxonomy":"category","embeddable":true,"href":"https:\/\/atorod.pl\/index.php?rest_route=%2Fwp%2Fv2%2Fcategories&post=8843"},{"taxonomy":"post_tag","embeddable":true,"href":"https:\/\/atorod.pl\/index.php?rest_route=%2Fwp%2Fv2%2Ftags&post=8843"}],"curies":[{"name":"wp","href":"https:\/\/api.w.org\/{rel}","templated":true}]}}