{"id":9128,"date":"2025-10-19T13:40:23","date_gmt":"2025-10-19T11:40:23","guid":{"rendered":"https:\/\/atorod.pl\/?p=9128"},"modified":"2025-10-19T13:48:16","modified_gmt":"2025-10-19T11:48:16","slug":"tak-wlasnie-powinno-byc-siostro","status":"publish","type":"post","link":"https:\/\/atorod.pl\/?p=9128","title":{"rendered":"Tak w\u0142a\u015bnie powinno by\u0107, Siostro"},"content":{"rendered":"<p>Bardzo Pa\u0144stwa przepraszam, \u017ce g\u0142ow\u0119 zawracam &#8211; przy niedzieli, w samym \u015brodku fina\u0142owych przes\u0142ucha\u0144 Konkursu Chopinowskiego. Ale jest sprawa. Ot\u00f3\u017c jakby mimochodem, niepostrze\u017cenie, 15 pa\u017adziernika, kilkoro Polak\u00f3w wysz\u0142o z De Vere Grand Connaught Rooms w Covent Garden z nagrodami krytyk\u00f3w miesi\u0119cznika &#8222;Gramophone&#8221;. Chamber Music Award zdoby\u0142a p\u0142yta z kwartetami fortepianowymi A-dur i c-moll Brahmsa, w wykonaniu Krystiana Zimermana, skrzypaczki Marii Nowak, altowiolistki Katarzyny Budnik i wiolonczelisty Yuya Okamoto, dla wytw\u00f3rni Deutsche Grammophon. Laur w kategorii muzyki dawnej przyznano trzyp\u0142ytowemu albumowi z kompletnym nagraniem utwor\u00f3w zachowanych w pi\u0105tej cz\u0119\u015bci cudem odnalezionego po wojnie r\u0119kopisu Kras 52 &#8211; w interpretacji zespo\u0142\u00f3w Dragma i Peregrina pod dyrekcj\u0105 Agnieszki Budzi\u0144skiej-Bennett, na podstawie edycji przygotowanej przez ni\u0105 sam\u0105 oraz jej koleg\u0119 ze Schola Cantorum Basiliensis, niemieckiego lutnist\u0119 i muzykologa Marca Lewona. Ca\u0142e to gigantyczne przedsi\u0119wzi\u0119cie &#8211; wraz z wydaniem nutowym &#8211; zrealizowano we wsp\u00f3\u0142pracy z IAM i PWM, album ukaza\u0142 si\u0119 w niemieckiej wytw\u00f3rni Raumklang.<\/p>\n<p>Dziel\u0119 si\u0119 tymi wie\u015bciami z prawdziw\u0105 rado\u015bci\u0105, gratuluj\u0119 wszystkim zdobywcom Gramophone Awards, cho\u0107 nie ze wszystkimi wyborami krytyk\u00f3w zgadzam si\u0119 bez zastrze\u017ce\u0144. Nie zg\u0142aszam jednak \u017cadnych uwag pod adresem dw\u00f3ch wymienionych nagra\u0144, a w przypadku albumu <em>The Krasi\u0144ski Codex<\/em> w pe\u0142ni podzielam opini\u0119 Jonathana Freemana-Attwooda, dyrektora Royal Academy of Music w Londynie, kt\u00f3ry w uzasadnieniu swojej rekomendacji pisze prostodusznie, \u017ce kiedy ju\u017c zacznie si\u0119 s\u0142ucha\u0107 tego albumu, to nie spos\u00f3b przesta\u0107 &#8211; g\u0142\u00f3wnie za spraw\u0105 &#8222;ol\u015bniewaj\u0105cego wykonania&#8221; pod wra\u017cliw\u0105 dyrekcj\u0105 charyzmatycznej szefowej zespo\u0142\u00f3w. O tym, \u017ce okre\u015blenie &#8222;charyzmatyczna&#8221; do Agnieszki pasuje jak ula\u0142, pisa\u0142am mi\u0119dzy innymi w &#8222;Tygodniku Powszechnym&#8221; (<a href=\"https:\/\/www.tygodnikpowszechny.pl\/muzyka-sredniowiecza-czyli-triumfy-agnieszki-budzinskiej-bennett-185836\">https:\/\/www.tygodnikpowszechny.pl\/muzyka-sredniowiecza-czyli-triumfy-agnieszki-budzinskiej-bennett-185836<\/a>). W tym samym tek\u015bcie przedstawi\u0142am te\u017c zawi\u0142e losy r\u0119kopisu Kras 52.<\/p>\n<p>C\u00f3\u017c doda\u0107 wi\u0119cej? Krystian Zimerman i pozostali wykonawcy nagrodzonych Brahmsowskich kwartet\u00f3w mojej rekomendacji nie potrzebuj\u0105: docenili ich krytycy znacznie ode mnie bieglejsi w tej materii. Muzykom Siostry Agnieszki (wybacz, kochana, musia\u0142am) \u017cycz\u0119 kolejnych spektakularnych sukces\u00f3w. Czekajcie cierpliwie: sko\u0144czy si\u0119 Konkurs Chopinowski, zrobi si\u0119 o was g\u0142o\u015bno. Oby jak najszybciej i wreszcie na dobre.<\/p>\n<p><a href=\"https:\/\/atorod.pl\/wp-content\/uploads\/2025\/10\/Bez-nazwy.jpg\"><img loading=\"lazy\" decoding=\"async\" class=\"alignnone size-medium wp-image-9129\" src=\"https:\/\/atorod.pl\/wp-content\/uploads\/2025\/10\/Bez-nazwy-300x225.jpg\" alt=\"\" width=\"300\" height=\"225\" srcset=\"https:\/\/atorod.pl\/wp-content\/uploads\/2025\/10\/Bez-nazwy-300x225.jpg 300w, https:\/\/atorod.pl\/wp-content\/uploads\/2025\/10\/Bez-nazwy-768x576.jpg 768w, https:\/\/atorod.pl\/wp-content\/uploads\/2025\/10\/Bez-nazwy.jpg 800w\" sizes=\"auto, (max-width: 300px) 100vw, 300px\" \/><\/a><\/p>\n<p>Agnieszka Budzi\u0144ska-Bennett i Marc Lewon. Fot. Colin Miller<\/p>\n","protected":false},"excerpt":{"rendered":"<p>Bardzo Pa\u0144stwa przepraszam, \u017ce g\u0142ow\u0119 zawracam &#8211; przy niedzieli, w samym \u015brodku fina\u0142owych przes\u0142ucha\u0144 Konkursu Chopinowskiego. Ale jest sprawa. Ot\u00f3\u017c jakby mimochodem, niepostrze\u017cenie, 15 pa\u017adziernika, kilkoro Polak\u00f3w wysz\u0142o z De Vere Grand Connaught Rooms w Covent Garden z nagrodami krytyk\u00f3w miesi\u0119cznika &#8222;Gramophone&#8221;. Chamber Music Award zdoby\u0142a p\u0142yta z kwartetami fortepianowymi A-dur i c-moll Brahmsa, w &#8230; <span class=\"more\"><a class=\"more-link\" href=\"https:\/\/atorod.pl\/?p=9128\">[Read more&#8230;]<\/a><\/span><\/p>\n","protected":false},"author":2,"featured_media":0,"comment_status":"open","ping_status":"open","sticky":false,"template":"","format":"standard","meta":{"footnotes":""},"categories":[8],"tags":[],"class_list":{"0":"entry","1":"post","2":"publish","3":"author-mangusta","4":"post-9128","6":"format-standard","7":"category-miscellanea"},"_links":{"self":[{"href":"https:\/\/atorod.pl\/index.php?rest_route=\/wp\/v2\/posts\/9128","targetHints":{"allow":["GET"]}}],"collection":[{"href":"https:\/\/atorod.pl\/index.php?rest_route=\/wp\/v2\/posts"}],"about":[{"href":"https:\/\/atorod.pl\/index.php?rest_route=\/wp\/v2\/types\/post"}],"author":[{"embeddable":true,"href":"https:\/\/atorod.pl\/index.php?rest_route=\/wp\/v2\/users\/2"}],"replies":[{"embeddable":true,"href":"https:\/\/atorod.pl\/index.php?rest_route=%2Fwp%2Fv2%2Fcomments&post=9128"}],"version-history":[{"count":2,"href":"https:\/\/atorod.pl\/index.php?rest_route=\/wp\/v2\/posts\/9128\/revisions"}],"predecessor-version":[{"id":9131,"href":"https:\/\/atorod.pl\/index.php?rest_route=\/wp\/v2\/posts\/9128\/revisions\/9131"}],"wp:attachment":[{"href":"https:\/\/atorod.pl\/index.php?rest_route=%2Fwp%2Fv2%2Fmedia&parent=9128"}],"wp:term":[{"taxonomy":"category","embeddable":true,"href":"https:\/\/atorod.pl\/index.php?rest_route=%2Fwp%2Fv2%2Fcategories&post=9128"},{"taxonomy":"post_tag","embeddable":true,"href":"https:\/\/atorod.pl\/index.php?rest_route=%2Fwp%2Fv2%2Ftags&post=9128"}],"curies":[{"name":"wp","href":"https:\/\/api.w.org\/{rel}","templated":true}]}}