{"id":921,"date":"2015-12-02T12:54:33","date_gmt":"2015-12-02T11:54:33","guid":{"rendered":"http:\/\/atorod.pl\/?p=921"},"modified":"2015-12-02T12:54:33","modified_gmt":"2015-12-02T11:54:33","slug":"w-kazdym-glosie-odrebne-ziarenko","status":"publish","type":"post","link":"https:\/\/atorod.pl\/?p=921","title":{"rendered":"W ka\u017cdym g\u0142osie odr\u0119bne ziarenko"},"content":{"rendered":"<p>W najbli\u017cszy poniedzia\u0142ek, 7 grudnia, rusza pi\u0105ty festiwal Actus Humanus w Gda\u0144sku. Siedem koncert\u00f3w, i\u015bcie gwiazdorska obsada, jak zwykle na festiwalach Filipa Berkowicza &#8211; same pewniaki, \u017cadnych eksperyment\u00f3w &#8211; nie ma jednak co narzeka\u0107, bo wygl\u0105da na to, \u017ce kontakt z wykonawstwem muzyki dawnej nadal b\u0119dziemy mieli przede wszystkim od \u015bwi\u0119ta. Tym razem od \u015bwi\u0119ta Bo\u017cego Narodzenia, z kt\u00f3rym najbli\u017cej powi\u0105zany jest program koncertu belgijskiej grupy wokalnej graindelavoix pod kierunkiem <span id=\"ctl00_ContentPlaceHolder1_Artist_HTMLContent\" class=\"text_gray\">Bj\u00f6rna Schmelzera. Dziwny to zesp\u00f3\u0142: sam jego szef, z wykszta\u0142cenia etnomuzykolog, od\u017cegnuje si\u0119 od tradycyjnego modelu wykonawstwa historycznego i podkre\u015bla, \u017ce wyst\u0119py jego \u015bpiewak\u00f3w maj\u0105 charakter swoistych performans\u00f3w. Rezultaty takiego podej\u015bcia bywaj\u0105 rozmaite &#8211; czasem ol\u015bniewaj\u0105ce, czasem mocno dyskusyjne. Na koncercie 10 grudnia zesp\u00f3\u0142 przedstawi rekonstrukcj\u0119 cypryjskich nieszpor\u00f3w bo\u017conarodzeniowych z okresu panowania Norman\u00f3w, w kt\u00f3rej Schmelzer uwzgl\u0119dni\u0142 XIV-wieczne motety polifoniczne z tak zwanego R\u0119kopisu Tury\u0144skiego, przypisywane Jeanowi Hanelle, francuskiemu kompozytorowi z Cambrai, \u015bci\u0105gni\u0119temu na dw\u00f3r w Nikozji przez kr\u00f3low\u0105 Cypru Charlotte de Bourbon. S\u0142\u00f3w kilka o graindelavoix w festiwalowym dodatku specjalnym pod redakcj\u0105 Kuby Puchalskiego, w najnowszym numerze &#8222;Tygodnika Powszechnego&#8221;. <\/span><\/p>\n<p><a href=\"https:\/\/www.tygodnikpowszechny.pl\/w-kazdym-glosie-odrebne-ziarenko-31452\">W ka\u017cdym g\u0142osie odr\u0119bne ziarenko<\/a><\/p>\n","protected":false},"excerpt":{"rendered":"<p>W najbli\u017cszy poniedzia\u0142ek, 7 grudnia, rusza pi\u0105ty festiwal Actus Humanus w Gda\u0144sku. Siedem koncert\u00f3w, i\u015bcie gwiazdorska obsada, jak zwykle na festiwalach Filipa Berkowicza &#8211; same pewniaki, \u017cadnych eksperyment\u00f3w &#8211; nie ma jednak co narzeka\u0107, bo wygl\u0105da na to, \u017ce kontakt z wykonawstwem muzyki dawnej nadal b\u0119dziemy mieli przede wszystkim od \u015bwi\u0119ta. Tym razem od \u015bwi\u0119ta &#8230; <span class=\"more\"><a class=\"more-link\" href=\"https:\/\/atorod.pl\/?p=921\">[Read more&#8230;]<\/a><\/span><\/p>\n","protected":false},"author":2,"featured_media":0,"comment_status":"open","ping_status":"open","sticky":false,"template":"","format":"standard","meta":{"footnotes":""},"categories":[9],"tags":[],"class_list":{"0":"entry","1":"post","2":"publish","3":"author-mangusta","4":"post-921","6":"format-standard","7":"category-prasowka"},"_links":{"self":[{"href":"https:\/\/atorod.pl\/index.php?rest_route=\/wp\/v2\/posts\/921","targetHints":{"allow":["GET"]}}],"collection":[{"href":"https:\/\/atorod.pl\/index.php?rest_route=\/wp\/v2\/posts"}],"about":[{"href":"https:\/\/atorod.pl\/index.php?rest_route=\/wp\/v2\/types\/post"}],"author":[{"embeddable":true,"href":"https:\/\/atorod.pl\/index.php?rest_route=\/wp\/v2\/users\/2"}],"replies":[{"embeddable":true,"href":"https:\/\/atorod.pl\/index.php?rest_route=%2Fwp%2Fv2%2Fcomments&post=921"}],"version-history":[{"count":1,"href":"https:\/\/atorod.pl\/index.php?rest_route=\/wp\/v2\/posts\/921\/revisions"}],"predecessor-version":[{"id":922,"href":"https:\/\/atorod.pl\/index.php?rest_route=\/wp\/v2\/posts\/921\/revisions\/922"}],"wp:attachment":[{"href":"https:\/\/atorod.pl\/index.php?rest_route=%2Fwp%2Fv2%2Fmedia&parent=921"}],"wp:term":[{"taxonomy":"category","embeddable":true,"href":"https:\/\/atorod.pl\/index.php?rest_route=%2Fwp%2Fv2%2Fcategories&post=921"},{"taxonomy":"post_tag","embeddable":true,"href":"https:\/\/atorod.pl\/index.php?rest_route=%2Fwp%2Fv2%2Ftags&post=921"}],"curies":[{"name":"wp","href":"https:\/\/api.w.org\/{rel}","templated":true}]}}