{"id":9501,"date":"2026-03-14T17:02:51","date_gmt":"2026-03-14T16:02:51","guid":{"rendered":"https:\/\/atorod.pl\/?p=9501"},"modified":"2026-03-14T17:05:51","modified_gmt":"2026-03-14T16:05:51","slug":"opera-jest-teatrem-wielu-tekstow","status":"publish","type":"post","link":"https:\/\/atorod.pl\/?p=9501","title":{"rendered":"Opera jest teatrem wielu tekst\u00f3w"},"content":{"rendered":"<p>Dzi\u015b b\u0119dzie troch\u0119 inaczej. Odsy\u0142am Pa\u0144stwa do rozmowy, kt\u00f3r\u0105 Jan Karow przeprowadzi\u0142 ze mn\u0105 dla portalu <a href=\"https:\/\/www.teatralny.pl\">teatralny.pl<\/a>. Pan Jan by\u0142 kiedy\u015b moim studentem &#8211; z rocznika szczeg\u00f3lnie dla mnie pami\u0119tnego, i to z wielu powod\u00f3w. Nie tylko by\u0142a to pierwsza grupa, z kt\u00f3r\u0105 mia\u0142am do czynienia w warszawskiej Akademii Teatralnej, ale te\u017c grupa wyj\u0105tkowo otwarta i ciekawa teatru operowego (do tego stopnia, ze za\u017cyczy\u0142a sobie przed\u0142u\u017cenia moich zaj\u0119\u0107 o dodatkowy semestr), i na dodatek z\u0142o\u017cona z samych indywidualno\u015bci. Z kilkorgiem wci\u0105\u017c utrzymuj\u0119 kontakty, cho\u0107 rocznik ju\u017c dawno opu\u015bci\u0142 mury uczelni. Jan Karow sam ju\u017c uczy student\u00f3w w swojej Alma Mater, z powodzeniem zajmuje si\u0119 te\u017c krytyk\u0105 teatraln\u0105. Spisa\u0142 ten wywiad na podstawie bardzo d\u0142ugiej rozmowy, z kt\u00f3rej wydestylowa\u0142 wszystko, co mo\u017ce r\u00f3wnie\u017c zainteresowa\u0107 czytelnik\u00f3w niezainteresowanych (jeszcze?) oper\u0105. I tak przypadkiem nam wyszed\u0142 kolejny kamyczek do ogr\u00f3dka Timoth\u00e9e Chalameta, za co panu Janowi jestem szczerze wdzi\u0119czna.<\/p>\n<p><a href=\"https:\/\/www.teatralny.pl\/artykuly\/opera-jest-teatrem-wielu-tekstow\">https:\/\/www.teatralny.pl\/artykuly\/opera-jest-teatrem-wielu-tekstow<\/a><\/p>\n","protected":false},"excerpt":{"rendered":"<p>Dzi\u015b b\u0119dzie troch\u0119 inaczej. Odsy\u0142am Pa\u0144stwa do rozmowy, kt\u00f3r\u0105 Jan Karow przeprowadzi\u0142 ze mn\u0105 dla portalu teatralny.pl. Pan Jan by\u0142 kiedy\u015b moim studentem &#8211; z rocznika szczeg\u00f3lnie dla mnie pami\u0119tnego, i to z wielu powod\u00f3w. Nie tylko by\u0142a to pierwsza grupa, z kt\u00f3r\u0105 mia\u0142am do czynienia w warszawskiej Akademii Teatralnej, ale te\u017c grupa wyj\u0105tkowo otwarta &#8230; <span class=\"more\"><a class=\"more-link\" href=\"https:\/\/atorod.pl\/?p=9501\">[Read more&#8230;]<\/a><\/span><\/p>\n","protected":false},"author":2,"featured_media":0,"comment_status":"open","ping_status":"open","sticky":false,"template":"","format":"standard","meta":{"footnotes":""},"categories":[8],"tags":[],"class_list":{"0":"entry","1":"post","2":"publish","3":"author-mangusta","4":"post-9501","6":"format-standard","7":"category-miscellanea"},"_links":{"self":[{"href":"https:\/\/atorod.pl\/index.php?rest_route=\/wp\/v2\/posts\/9501","targetHints":{"allow":["GET"]}}],"collection":[{"href":"https:\/\/atorod.pl\/index.php?rest_route=\/wp\/v2\/posts"}],"about":[{"href":"https:\/\/atorod.pl\/index.php?rest_route=\/wp\/v2\/types\/post"}],"author":[{"embeddable":true,"href":"https:\/\/atorod.pl\/index.php?rest_route=\/wp\/v2\/users\/2"}],"replies":[{"embeddable":true,"href":"https:\/\/atorod.pl\/index.php?rest_route=%2Fwp%2Fv2%2Fcomments&post=9501"}],"version-history":[{"count":1,"href":"https:\/\/atorod.pl\/index.php?rest_route=\/wp\/v2\/posts\/9501\/revisions"}],"predecessor-version":[{"id":9502,"href":"https:\/\/atorod.pl\/index.php?rest_route=\/wp\/v2\/posts\/9501\/revisions\/9502"}],"wp:attachment":[{"href":"https:\/\/atorod.pl\/index.php?rest_route=%2Fwp%2Fv2%2Fmedia&parent=9501"}],"wp:term":[{"taxonomy":"category","embeddable":true,"href":"https:\/\/atorod.pl\/index.php?rest_route=%2Fwp%2Fv2%2Fcategories&post=9501"},{"taxonomy":"post_tag","embeddable":true,"href":"https:\/\/atorod.pl\/index.php?rest_route=%2Fwp%2Fv2%2Ftags&post=9501"}],"curies":[{"name":"wp","href":"https:\/\/api.w.org\/{rel}","templated":true}]}}